{"id":944,"date":"2021-07-17T13:43:40","date_gmt":"2021-07-17T11:43:40","guid":{"rendered":"https:\/\/www.fwv-kulmbach.de\/?p=944"},"modified":"2021-07-17T13:46:11","modified_gmt":"2021-07-17T11:46:11","slug":"einladung-zur-nachmittagswanderung-am-21-august","status":"publish","type":"post","link":"https:\/\/www.fwv-kulmbach.de\/?p=944","title":{"rendered":"Einladung zur Nachmittagswanderung am 21. August"},"content":{"rendered":"\n<p>Erst die zweite Wanderung in diesem Jahr findet am <strong>Samstag, 21. August<\/strong> statt. Entgegen der Ank\u00fcndigung im Jahresprogramm, benutzen wir zweimal die Bahn. <\/p>\n\n\n\n<p><strong>Treffpunkt<\/strong> am <strong>Kulmbacher Bahnhof, um 12.40 Uhr<\/strong> zur Fahrt nach Neuenmarkt. Autofahrer k\u00f6nnten um 13:10 Uhr am Bahnhof in Neuenmarkt dazu sto\u00dfen.<\/p>\n\n\n\n<p>Wir laufen dann durch die Schulstra\u00dfe und einen Wiesenweg nach Wirsberg, wo die dortige Marktgrafenkirche besucht wird. Danach geht es durch das Schorgasttal nach Marktschorgast. Nur auf dem letzten Kilometer haben wir eine Steigung auf der ca. 8 km langen Gesamtstrecke.<\/p>\n\n\n\n<p>Einkehr ist gegen 16 Uhr in der Gastst\u00e4tte &#8222;zum Kapellaberch&#8220; in Marktschorgast.<\/p>\n\n\n\n<p>Die R\u00fcckkehr ist mit der Bahn (st\u00fcndliche Fahrtm\u00f6glichkeit) nach Kulmbach bzw. Neuenmarkt geplant.<\/p>\n\n\n\n<p>Anmeldung nicht erforderlich. Informationen bei Hans Werther, 09221\/2009.<\/p>\n\n\n\n<p>G\u00e4ste sind herzlich willkommen.<\/p>\n\n\n\n<p><\/p>\n","protected":false},"excerpt":{"rendered":"<p>Erst die zweite Wanderung in diesem Jahr findet am Samstag, 21. August statt. Entgegen der Ank\u00fcndigung im Jahresprogramm, benutzen wir zweimal die Bahn. Treffpunkt am Kulmbacher Bahnhof, um 12.40 Uhr zur Fahrt nach Neuenmarkt. Autofahrer k\u00f6nnten um 13:10 Uhr am &hellip; <a href=\"https:\/\/www.fwv-kulmbach.de\/?p=944\">Weiterlesen <span class=\"meta-nav\">&rarr;<\/span><\/a><\/p>\n","protected":false},"author":1,"featured_media":0,"comment_status":"closed","ping_status":"closed","sticky":false,"template":"","format":"standard","meta":{"footnotes":""},"categories":[2,12],"tags":[],"class_list":["post-944","post","type-post","status-publish","format-standard","hentry","category-og-kulmbach","category-termin"],"_links":{"self":[{"href":"https:\/\/www.fwv-kulmbach.de\/index.php?rest_route=\/wp\/v2\/posts\/944","targetHints":{"allow":["GET"]}}],"collection":[{"href":"https:\/\/www.fwv-kulmbach.de\/index.php?rest_route=\/wp\/v2\/posts"}],"about":[{"href":"https:\/\/www.fwv-kulmbach.de\/index.php?rest_route=\/wp\/v2\/types\/post"}],"author":[{"embeddable":true,"href":"https:\/\/www.fwv-kulmbach.de\/index.php?rest_route=\/wp\/v2\/users\/1"}],"replies":[{"embeddable":true,"href":"https:\/\/www.fwv-kulmbach.de\/index.php?rest_route=%2Fwp%2Fv2%2Fcomments&post=944"}],"version-history":[{"count":3,"href":"https:\/\/www.fwv-kulmbach.de\/index.php?rest_route=\/wp\/v2\/posts\/944\/revisions"}],"predecessor-version":[{"id":947,"href":"https:\/\/www.fwv-kulmbach.de\/index.php?rest_route=\/wp\/v2\/posts\/944\/revisions\/947"}],"wp:attachment":[{"href":"https:\/\/www.fwv-kulmbach.de\/index.php?rest_route=%2Fwp%2Fv2%2Fmedia&parent=944"}],"wp:term":[{"taxonomy":"category","embeddable":true,"href":"https:\/\/www.fwv-kulmbach.de\/index.php?rest_route=%2Fwp%2Fv2%2Fcategories&post=944"},{"taxonomy":"post_tag","embeddable":true,"href":"https:\/\/www.fwv-kulmbach.de\/index.php?rest_route=%2Fwp%2Fv2%2Ftags&post=944"}],"curies":[{"name":"wp","href":"https:\/\/api.w.org\/{rel}","templated":true}]}}