{"id":851,"date":"2020-06-02T20:39:25","date_gmt":"2020-06-02T18:39:25","guid":{"rendered":"https:\/\/www.fwv-kulmbach.de\/?p=851"},"modified":"2020-06-02T20:42:54","modified_gmt":"2020-06-02T18:42:54","slug":"absage-der-vollmondwanderung","status":"publish","type":"post","link":"https:\/\/www.fwv-kulmbach.de\/?p=851","title":{"rendered":"Absage der Vollmondwanderung"},"content":{"rendered":"\n<p>Die f\u00fcr Samstag, 4. Juli 2020 geplante Vollmondnachtwanderung organisiert von Wanderf\u00fchrer Edgar Friedmann, muss leider Corona-bedingt abgesagt werden.<\/p>\n\n\n\n<p>Aber alle interessierten Wanderer k\u00f6nnen sich den Termin f\u00fcr 2021 bereits vormerken. Am <strong>Samstag, 24. Juli 2021<\/strong> wird die geplante Strecke bei hoffentlich sch\u00f6nem Vollmondwetter nachgeholt.<\/p>\n","protected":false},"excerpt":{"rendered":"<p>Die f\u00fcr Samstag, 4. Juli 2020 geplante Vollmondnachtwanderung organisiert von Wanderf\u00fchrer Edgar Friedmann, muss leider Corona-bedingt abgesagt werden. Aber alle interessierten Wanderer k\u00f6nnen sich den Termin f\u00fcr 2021 bereits vormerken. Am Samstag, 24. Juli 2021 wird die geplante Strecke bei &hellip; <a href=\"https:\/\/www.fwv-kulmbach.de\/?p=851\">Weiterlesen <span class=\"meta-nav\">&rarr;<\/span><\/a><\/p>\n","protected":false},"author":1,"featured_media":0,"comment_status":"closed","ping_status":"closed","sticky":false,"template":"","format":"standard","meta":{"footnotes":""},"categories":[2,12],"tags":[],"class_list":["post-851","post","type-post","status-publish","format-standard","hentry","category-og-kulmbach","category-termin"],"_links":{"self":[{"href":"https:\/\/www.fwv-kulmbach.de\/index.php?rest_route=\/wp\/v2\/posts\/851","targetHints":{"allow":["GET"]}}],"collection":[{"href":"https:\/\/www.fwv-kulmbach.de\/index.php?rest_route=\/wp\/v2\/posts"}],"about":[{"href":"https:\/\/www.fwv-kulmbach.de\/index.php?rest_route=\/wp\/v2\/types\/post"}],"author":[{"embeddable":true,"href":"https:\/\/www.fwv-kulmbach.de\/index.php?rest_route=\/wp\/v2\/users\/1"}],"replies":[{"embeddable":true,"href":"https:\/\/www.fwv-kulmbach.de\/index.php?rest_route=%2Fwp%2Fv2%2Fcomments&post=851"}],"version-history":[{"count":3,"href":"https:\/\/www.fwv-kulmbach.de\/index.php?rest_route=\/wp\/v2\/posts\/851\/revisions"}],"predecessor-version":[{"id":854,"href":"https:\/\/www.fwv-kulmbach.de\/index.php?rest_route=\/wp\/v2\/posts\/851\/revisions\/854"}],"wp:attachment":[{"href":"https:\/\/www.fwv-kulmbach.de\/index.php?rest_route=%2Fwp%2Fv2%2Fmedia&parent=851"}],"wp:term":[{"taxonomy":"category","embeddable":true,"href":"https:\/\/www.fwv-kulmbach.de\/index.php?rest_route=%2Fwp%2Fv2%2Fcategories&post=851"},{"taxonomy":"post_tag","embeddable":true,"href":"https:\/\/www.fwv-kulmbach.de\/index.php?rest_route=%2Fwp%2Fv2%2Ftags&post=851"}],"curies":[{"name":"wp","href":"https:\/\/api.w.org\/{rel}","templated":true}]}}