{"id":847,"date":"2020-04-26T16:34:46","date_gmt":"2020-04-26T14:34:46","guid":{"rendered":"https:\/\/www.fwv-kulmbach.de\/?p=847"},"modified":"2020-04-26T16:35:22","modified_gmt":"2020-04-26T14:35:22","slug":"absage-der-veranstaltungen-fuer-mai-und-juni","status":"publish","type":"post","link":"https:\/\/www.fwv-kulmbach.de\/?p=847","title":{"rendered":"Absage der Veranstaltungen f\u00fcr Mai und Juni"},"content":{"rendered":"\n<p>Liebe Mitglieder und Wanderfreunde des Frankenwaldvereins Kulmbach,<\/p>\n\n\n\n<p>wie Sie alle wissen, erlauben die staatlichen Vorgaben nach wie vor keine gemeinsamen Wanderungen und vor allem sind Gastst\u00e4tten ja nach wie vor geschlossen. Deshalb haben wir die geplanten Unternehmungen f\u00fcr Mai und Juni leider auch absagen m\u00fcssen.<\/p>\n\n\n\n<p>Also f\u00e4llt die geplante Busfahrt nach Oberschwarzach am 17. Mai aus. Ebenfalls die Zweitagesfahrt am 27. und 28. Juni nach Saalfeld. Die Wanderfreunde aus Saalfeld sind benachrichtigt und lassen herzliche Gr\u00fc\u00dfe bestellen.<\/p>\n\n\n\n<p>Wir hoffen, dass ab Juli wieder Wanderungen erlaubt sind und auch Einkehrm\u00f6glichkeiten zur Verf\u00fcgung stehen. Sollte dies der Fall sein und wegen der langen Ausfallzeiten Bedarf bestehen, werden eventuell zus\u00e4tzliche Wanderungen im Kulmbacher Raum angeboten. Informationen dar\u00fcber erfolgen wie immer \u00fcber die Homepage, das Vereinsk\u00e4stchen in der Langgasse und die Vereinsnachrichten in der Bayerischen Rundschau.<\/p>\n\n\n\n<p>Bleiben Sie gesund und hoffentlich sch\u00f6ne Wanderungen im 2. Halbjahr 2020.<\/p>\n\n\n\n<p>Vorsitzender Hans Werther<\/p>\n","protected":false},"excerpt":{"rendered":"<p>Liebe Mitglieder und Wanderfreunde des Frankenwaldvereins Kulmbach, wie Sie alle wissen, erlauben die staatlichen Vorgaben nach wie vor keine gemeinsamen Wanderungen und vor allem sind Gastst\u00e4tten ja nach wie vor geschlossen. Deshalb haben wir die geplanten Unternehmungen f\u00fcr Mai und &hellip; <a href=\"https:\/\/www.fwv-kulmbach.de\/?p=847\">Weiterlesen <span class=\"meta-nav\">&rarr;<\/span><\/a><\/p>\n","protected":false},"author":1,"featured_media":0,"comment_status":"closed","ping_status":"closed","sticky":false,"template":"","format":"standard","meta":{"footnotes":""},"categories":[2,12],"tags":[],"class_list":["post-847","post","type-post","status-publish","format-standard","hentry","category-og-kulmbach","category-termin"],"_links":{"self":[{"href":"https:\/\/www.fwv-kulmbach.de\/index.php?rest_route=\/wp\/v2\/posts\/847","targetHints":{"allow":["GET"]}}],"collection":[{"href":"https:\/\/www.fwv-kulmbach.de\/index.php?rest_route=\/wp\/v2\/posts"}],"about":[{"href":"https:\/\/www.fwv-kulmbach.de\/index.php?rest_route=\/wp\/v2\/types\/post"}],"author":[{"embeddable":true,"href":"https:\/\/www.fwv-kulmbach.de\/index.php?rest_route=\/wp\/v2\/users\/1"}],"replies":[{"embeddable":true,"href":"https:\/\/www.fwv-kulmbach.de\/index.php?rest_route=%2Fwp%2Fv2%2Fcomments&post=847"}],"version-history":[{"count":2,"href":"https:\/\/www.fwv-kulmbach.de\/index.php?rest_route=\/wp\/v2\/posts\/847\/revisions"}],"predecessor-version":[{"id":849,"href":"https:\/\/www.fwv-kulmbach.de\/index.php?rest_route=\/wp\/v2\/posts\/847\/revisions\/849"}],"wp:attachment":[{"href":"https:\/\/www.fwv-kulmbach.de\/index.php?rest_route=%2Fwp%2Fv2%2Fmedia&parent=847"}],"wp:term":[{"taxonomy":"category","embeddable":true,"href":"https:\/\/www.fwv-kulmbach.de\/index.php?rest_route=%2Fwp%2Fv2%2Fcategories&post=847"},{"taxonomy":"post_tag","embeddable":true,"href":"https:\/\/www.fwv-kulmbach.de\/index.php?rest_route=%2Fwp%2Fv2%2Ftags&post=847"}],"curies":[{"name":"wp","href":"https:\/\/api.w.org\/{rel}","templated":true}]}}