{"id":828,"date":"2020-02-21T20:06:00","date_gmt":"2020-02-21T19:06:00","guid":{"rendered":"https:\/\/www.fwv-kulmbach.de\/?p=828"},"modified":"2020-02-21T20:06:00","modified_gmt":"2020-02-21T19:06:00","slug":"jahresmitgliederversammlung-2020","status":"publish","type":"post","link":"https:\/\/www.fwv-kulmbach.de\/?p=828","title":{"rendered":"Jahresmitgliederversammlung 2020"},"content":{"rendered":"\n<p>Zu\nunserer <strong>Jahresmitgliederversammlung 2020<\/strong>, laden wir unsere Mitglieder mit\nAngeh\u00f6rigen und G\u00e4ste <\/p>\n\n\n\n<p class=\"has-text-align-center\"><strong>am Sonntag, 1. M\u00e4rz\n2020 um 15 Uhr<\/strong><\/p>\n\n\n\n<p class=\"has-text-align-center\"><strong>in die Gastst\u00e4tte Geuther (Blaicher Str. 52) in Kulmbach<\/strong><\/p>\n\n\n\n<p>herzlich ein.<\/p>\n\n\n\n<p><strong>Tagesordnung<\/strong><\/p>\n\n\n\n<ol class=\"wp-block-list\"><li>Begr\u00fc\u00dfung durch\nden Vorstand<\/li><li>Totengedenken<\/li><li>Gru\u00dfworte<\/li><li>Bericht des\nVorstands<\/li><li>Bericht des\nWegewarts<\/li><li>Bericht der\nKassiererin <\/li><li>Bericht der\nKassenpr\u00fcfer<\/li><li>Aussprache und\nEntlastung von Kassiererin und Vorstandschaft <\/li><li>Ehrungen<\/li><li>Vorschau auf das Wander- und Veranstaltungsjahr 2020<\/li><li>Antr\u00e4ge, W\u00fcnsche und Sonstiges<\/li><li>Bilder zum Wanderjahr 2019 und ein Kurzfilm von\nWanderfreund Fiedler von der Mehrtagesfahrt in der Ortenau<\/li><\/ol>\n\n\n\n<p><strong>Hans Werther, Vorstand&nbsp;&nbsp;&nbsp;&nbsp; <\/strong><\/p>\n","protected":false},"excerpt":{"rendered":"<p>Zu unserer Jahresmitgliederversammlung 2020, laden wir unsere Mitglieder mit Angeh\u00f6rigen und G\u00e4ste am Sonntag, 1. M\u00e4rz 2020 um 15 Uhr in die Gastst\u00e4tte Geuther (Blaicher Str. 52) in Kulmbach herzlich ein. Tagesordnung Begr\u00fc\u00dfung durch den Vorstand Totengedenken Gru\u00dfworte Bericht des &hellip; <a href=\"https:\/\/www.fwv-kulmbach.de\/?p=828\">Weiterlesen <span class=\"meta-nav\">&rarr;<\/span><\/a><\/p>\n","protected":false},"author":1,"featured_media":0,"comment_status":"closed","ping_status":"closed","sticky":false,"template":"","format":"standard","meta":{"footnotes":""},"categories":[2,12],"tags":[],"class_list":["post-828","post","type-post","status-publish","format-standard","hentry","category-og-kulmbach","category-termin"],"_links":{"self":[{"href":"https:\/\/www.fwv-kulmbach.de\/index.php?rest_route=\/wp\/v2\/posts\/828","targetHints":{"allow":["GET"]}}],"collection":[{"href":"https:\/\/www.fwv-kulmbach.de\/index.php?rest_route=\/wp\/v2\/posts"}],"about":[{"href":"https:\/\/www.fwv-kulmbach.de\/index.php?rest_route=\/wp\/v2\/types\/post"}],"author":[{"embeddable":true,"href":"https:\/\/www.fwv-kulmbach.de\/index.php?rest_route=\/wp\/v2\/users\/1"}],"replies":[{"embeddable":true,"href":"https:\/\/www.fwv-kulmbach.de\/index.php?rest_route=%2Fwp%2Fv2%2Fcomments&post=828"}],"version-history":[{"count":1,"href":"https:\/\/www.fwv-kulmbach.de\/index.php?rest_route=\/wp\/v2\/posts\/828\/revisions"}],"predecessor-version":[{"id":829,"href":"https:\/\/www.fwv-kulmbach.de\/index.php?rest_route=\/wp\/v2\/posts\/828\/revisions\/829"}],"wp:attachment":[{"href":"https:\/\/www.fwv-kulmbach.de\/index.php?rest_route=%2Fwp%2Fv2%2Fmedia&parent=828"}],"wp:term":[{"taxonomy":"category","embeddable":true,"href":"https:\/\/www.fwv-kulmbach.de\/index.php?rest_route=%2Fwp%2Fv2%2Fcategories&post=828"},{"taxonomy":"post_tag","embeddable":true,"href":"https:\/\/www.fwv-kulmbach.de\/index.php?rest_route=%2Fwp%2Fv2%2Ftags&post=828"}],"curies":[{"name":"wp","href":"https:\/\/api.w.org\/{rel}","templated":true}]}}