{"id":822,"date":"2020-02-21T19:58:43","date_gmt":"2020-02-21T18:58:43","guid":{"rendered":"https:\/\/www.fwv-kulmbach.de\/?p=822"},"modified":"2020-02-21T19:58:43","modified_gmt":"2020-02-21T18:58:43","slug":"von-thueringen-nach-moedlareuth","status":"publish","type":"post","link":"https:\/\/www.fwv-kulmbach.de\/?p=822","title":{"rendered":"Von Th\u00fcringen nach M\u00f6dlareuth"},"content":{"rendered":"\n<p>Am Samstag, den 15. Februar erwartete uns freundliches, vorfr\u00fchlingshaftes Wetter an der th\u00fcringisch-bayerischen-Grenze in Hirschberg am Saalestrande.<\/p>\n\n\n\n<p>Wanderf\u00fchrer Gunther und sein Begleiter Klaus begr\u00fc\u00dften vom Frankenwaldverein Hirscheberg 45 Kulmbacher G\u00e4ste.<\/p>\n\n\n\n<figure class=\"wp-block-image size-large\"><img loading=\"lazy\" decoding=\"async\" width=\"1024\" height=\"768\" src=\"https:\/\/www.fwv-kulmbach.de\/wp-content\/uploads\/2020\/02\/2020_M\u00f6dlareuth_3-1.jpg\" alt=\"\" class=\"wp-image-824\" srcset=\"https:\/\/www.fwv-kulmbach.de\/wp-content\/uploads\/2020\/02\/2020_M\u00f6dlareuth_3-1.jpg 1024w, https:\/\/www.fwv-kulmbach.de\/wp-content\/uploads\/2020\/02\/2020_M\u00f6dlareuth_3-1-300x225.jpg 300w, https:\/\/www.fwv-kulmbach.de\/wp-content\/uploads\/2020\/02\/2020_M\u00f6dlareuth_3-1-768x576.jpg 768w\" sizes=\"auto, (max-width: 1024px) 100vw, 1024px\" \/><\/figure>\n\n\n\n<p>Gleich nach dem gewaltigen Burgfelsen durften wir auf einer langen Bank Platz nehmen, mit der die Hirschberger einmal ins Guinnesbuch der Rekorde gekommen waren.<\/p>\n\n\n\n<figure class=\"wp-block-image size-large\"><img loading=\"lazy\" decoding=\"async\" width=\"1024\" height=\"768\" src=\"https:\/\/www.fwv-kulmbach.de\/wp-content\/uploads\/2020\/02\/2020_M\u00f6dlareuth_1.jpg\" alt=\"\" class=\"wp-image-825\" srcset=\"https:\/\/www.fwv-kulmbach.de\/wp-content\/uploads\/2020\/02\/2020_M\u00f6dlareuth_1.jpg 1024w, https:\/\/www.fwv-kulmbach.de\/wp-content\/uploads\/2020\/02\/2020_M\u00f6dlareuth_1-300x225.jpg 300w, https:\/\/www.fwv-kulmbach.de\/wp-content\/uploads\/2020\/02\/2020_M\u00f6dlareuth_1-768x576.jpg 768w\" sizes=\"auto, (max-width: 1024px) 100vw, 1024px\" \/><\/figure>\n\n\n\n<p>Wir wanderten mal entlang der Saale und mal \u00fcber einem Steilufer der Saale durch traumhafte Landschaft. <\/p>\n\n\n\n<figure class=\"wp-block-image size-large\"><img loading=\"lazy\" decoding=\"async\" width=\"768\" height=\"1024\" src=\"https:\/\/www.fwv-kulmbach.de\/wp-content\/uploads\/2020\/02\/2020_M\u00f6dlareuth_2-rotated.jpg\" alt=\"\" class=\"wp-image-826\" srcset=\"https:\/\/www.fwv-kulmbach.de\/wp-content\/uploads\/2020\/02\/2020_M\u00f6dlareuth_2-rotated.jpg 768w, https:\/\/www.fwv-kulmbach.de\/wp-content\/uploads\/2020\/02\/2020_M\u00f6dlareuth_2-225x300.jpg 225w\" sizes=\"auto, (max-width: 768px) 100vw, 768px\" \/><\/figure>\n\n\n\n<p>Dann erreichten wir den, aus der Fernsehserie \u00fcber M\u00f6dlareuth bekannten Tannbach. An diesem entlang wanderten wir bis zum damals geteilten Dorf M\u00f6dlareuth und besuchten das Deutsch-Deutsche-Museum.<\/p>\n\n\n\n<p>Kulinarisch verw\u00f6hnt wurden die Kulmbacher Wanderer dann in der Gastst\u00e4tte &#8222;Zur Hulda&#8220; in Tiefengr\u00fcn\/Berg.<\/p>\n\n\n\n<p><\/p>\n","protected":false},"excerpt":{"rendered":"<p>Am Samstag, den 15. Februar erwartete uns freundliches, vorfr\u00fchlingshaftes Wetter an der th\u00fcringisch-bayerischen-Grenze in Hirschberg am Saalestrande. Wanderf\u00fchrer Gunther und sein Begleiter Klaus begr\u00fc\u00dften vom Frankenwaldverein Hirscheberg 45 Kulmbacher G\u00e4ste. Gleich nach dem gewaltigen Burgfelsen durften wir auf einer langen &hellip; <a href=\"https:\/\/www.fwv-kulmbach.de\/?p=822\">Weiterlesen <span class=\"meta-nav\">&rarr;<\/span><\/a><\/p>\n","protected":false},"author":1,"featured_media":0,"comment_status":"closed","ping_status":"closed","sticky":false,"template":"","format":"standard","meta":{"footnotes":""},"categories":[13,2],"tags":[],"class_list":["post-822","post","type-post","status-publish","format-standard","hentry","category-bericht","category-og-kulmbach"],"_links":{"self":[{"href":"https:\/\/www.fwv-kulmbach.de\/index.php?rest_route=\/wp\/v2\/posts\/822","targetHints":{"allow":["GET"]}}],"collection":[{"href":"https:\/\/www.fwv-kulmbach.de\/index.php?rest_route=\/wp\/v2\/posts"}],"about":[{"href":"https:\/\/www.fwv-kulmbach.de\/index.php?rest_route=\/wp\/v2\/types\/post"}],"author":[{"embeddable":true,"href":"https:\/\/www.fwv-kulmbach.de\/index.php?rest_route=\/wp\/v2\/users\/1"}],"replies":[{"embeddable":true,"href":"https:\/\/www.fwv-kulmbach.de\/index.php?rest_route=%2Fwp%2Fv2%2Fcomments&post=822"}],"version-history":[{"count":1,"href":"https:\/\/www.fwv-kulmbach.de\/index.php?rest_route=\/wp\/v2\/posts\/822\/revisions"}],"predecessor-version":[{"id":827,"href":"https:\/\/www.fwv-kulmbach.de\/index.php?rest_route=\/wp\/v2\/posts\/822\/revisions\/827"}],"wp:attachment":[{"href":"https:\/\/www.fwv-kulmbach.de\/index.php?rest_route=%2Fwp%2Fv2%2Fmedia&parent=822"}],"wp:term":[{"taxonomy":"category","embeddable":true,"href":"https:\/\/www.fwv-kulmbach.de\/index.php?rest_route=%2Fwp%2Fv2%2Fcategories&post=822"},{"taxonomy":"post_tag","embeddable":true,"href":"https:\/\/www.fwv-kulmbach.de\/index.php?rest_route=%2Fwp%2Fv2%2Ftags&post=822"}],"curies":[{"name":"wp","href":"https:\/\/api.w.org\/{rel}","templated":true}]}}