{"id":82,"date":"2014-11-28T11:40:35","date_gmt":"2014-11-28T10:40:35","guid":{"rendered":"http:\/\/fwv-kulmbach.de\/?p=82"},"modified":"2014-11-28T11:41:59","modified_gmt":"2014-11-28T10:41:59","slug":"jahresprogramm-2015-ab-sofort-zum-download-bereit","status":"publish","type":"post","link":"https:\/\/www.fwv-kulmbach.de\/?p=82","title":{"rendered":"Jahresprogramm 2015 ab sofort zum Download bereit!"},"content":{"rendered":"<p>Liebe Wanderfreunde,<br \/>\nab sofort k\u00f6nnen Sie das Jahresprogramm f\u00fcr das Jahr 2015 auf dieser Homepage herunterladen.<br \/>\nDen Link finden Sie im Men\u00fc rechts unter dem Stichwort Jahresprogramm 2015, oder direkt <a href=\"http:\/\/fwv-kulmbach.de\/wp-content\/uploads\/2014\/11\/Jahresprogramm_2015.pdf\" target=\"_blank\">hier!<\/a><\/p>\n<p>Bitte beachten Sie:<br \/>\nEs wurden zwei Fehler, die die gedruckte Version des Jahresprogramms enth\u00e4lt korrigiert.<br \/>\n&#8211; Der Stadtgang am 6. Januar ist nat\u00fcrlich an einem <strong>Dienstag <\/strong>und nicht an einem Montag.<br \/>\n&#8211; Die Maiwanderung in den Steinwald, findet nicht am 10. Mai, sondern am <strong>17. Mai<\/strong> statt.<\/p>\n","protected":false},"excerpt":{"rendered":"<p>Liebe Wanderfreunde, ab sofort k\u00f6nnen Sie das Jahresprogramm f\u00fcr das Jahr 2015 auf dieser Homepage herunterladen. Den Link finden Sie im Men\u00fc rechts unter dem Stichwort Jahresprogramm 2015, oder direkt hier! Bitte beachten Sie: Es wurden zwei Fehler, die die &hellip; <a href=\"https:\/\/www.fwv-kulmbach.de\/?p=82\">Weiterlesen <span class=\"meta-nav\">&rarr;<\/span><\/a><\/p>\n","protected":false},"author":1,"featured_media":0,"comment_status":"closed","ping_status":"closed","sticky":false,"template":"","format":"standard","meta":{"footnotes":""},"categories":[2],"tags":[],"class_list":["post-82","post","type-post","status-publish","format-standard","hentry","category-og-kulmbach"],"_links":{"self":[{"href":"https:\/\/www.fwv-kulmbach.de\/index.php?rest_route=\/wp\/v2\/posts\/82","targetHints":{"allow":["GET"]}}],"collection":[{"href":"https:\/\/www.fwv-kulmbach.de\/index.php?rest_route=\/wp\/v2\/posts"}],"about":[{"href":"https:\/\/www.fwv-kulmbach.de\/index.php?rest_route=\/wp\/v2\/types\/post"}],"author":[{"embeddable":true,"href":"https:\/\/www.fwv-kulmbach.de\/index.php?rest_route=\/wp\/v2\/users\/1"}],"replies":[{"embeddable":true,"href":"https:\/\/www.fwv-kulmbach.de\/index.php?rest_route=%2Fwp%2Fv2%2Fcomments&post=82"}],"version-history":[{"count":3,"href":"https:\/\/www.fwv-kulmbach.de\/index.php?rest_route=\/wp\/v2\/posts\/82\/revisions"}],"predecessor-version":[{"id":85,"href":"https:\/\/www.fwv-kulmbach.de\/index.php?rest_route=\/wp\/v2\/posts\/82\/revisions\/85"}],"wp:attachment":[{"href":"https:\/\/www.fwv-kulmbach.de\/index.php?rest_route=%2Fwp%2Fv2%2Fmedia&parent=82"}],"wp:term":[{"taxonomy":"category","embeddable":true,"href":"https:\/\/www.fwv-kulmbach.de\/index.php?rest_route=%2Fwp%2Fv2%2Fcategories&post=82"},{"taxonomy":"post_tag","embeddable":true,"href":"https:\/\/www.fwv-kulmbach.de\/index.php?rest_route=%2Fwp%2Fv2%2Ftags&post=82"}],"curies":[{"name":"wp","href":"https:\/\/api.w.org\/{rel}","templated":true}]}}