{"id":819,"date":"2020-01-11T15:24:08","date_gmt":"2020-01-11T14:24:08","guid":{"rendered":"https:\/\/www.fwv-kulmbach.de\/?p=819"},"modified":"2020-01-11T15:24:08","modified_gmt":"2020-01-11T14:24:08","slug":"einladung-zur-februarwanderung-nach-moedlareuth","status":"publish","type":"post","link":"https:\/\/www.fwv-kulmbach.de\/?p=819","title":{"rendered":"Einladung zur Februarwanderung nach M\u00f6dlareuth"},"content":{"rendered":"\n<p>Am <strong>Samstag, 15. Februar<\/strong> fahren wir mit dem Bus nach Hirschberg in Th\u00fcringen. Von dort f\u00fchrt uns Gunter Lamitz vom Frankenwaldverein Hirschberg entlang der alten Grenze nach M\u00f6dlareuth. Die Wanderung ist ca. 8 km lang. Dort besuchen wir das Deutsch-Deutsche-Museum. Danach geht es zur Einkehr ins Gasthaus &#8222;Zur Hulda&#8220; in Berg-Tiefengr\u00fcn.<br>G\u00e4ste sind herzlich willkommen!<\/p>\n\n\n\n<p><strong>Abfahrtszeiten:<\/strong><\/p>\n\n\n\n<p>9:00 Uhr    B 303 Neuenmarkt Tankstelle<br> 9:10 Uhr    Untersteinach<br> 9:14 Uhr    Kauerndorf<br> 9:18 Uhr    Kauernburg<br> 9:24 Uhr    Blaicher Schule<br> 9:28 Uhr    P\u00f6rbitsch<br> 9:32 Uhr    Schweizer Hof<br> 9:36 Uhr    Priemershof<br> 9:40 Uhr    Busbahnhof<br> 9:42 Uhr    Stadtpark<br> 9:45 Uhr    Farben Geyer<br> 9:50 Uhr    Papier Albrecht<\/p>\n\n\n\n<p><strong>Anmeldungen bei Hans Werther (Tel. 09221\/2009) und bei Helga Spindler (Tel. 09221\/3245). <\/strong><\/p>\n","protected":false},"excerpt":{"rendered":"<p>Am Samstag, 15. Februar fahren wir mit dem Bus nach Hirschberg in Th\u00fcringen. Von dort f\u00fchrt uns Gunter Lamitz vom Frankenwaldverein Hirschberg entlang der alten Grenze nach M\u00f6dlareuth. Die Wanderung ist ca. 8 km lang. Dort besuchen wir das Deutsch-Deutsche-Museum. &hellip; <a href=\"https:\/\/www.fwv-kulmbach.de\/?p=819\">Weiterlesen <span class=\"meta-nav\">&rarr;<\/span><\/a><\/p>\n","protected":false},"author":1,"featured_media":0,"comment_status":"closed","ping_status":"closed","sticky":false,"template":"","format":"standard","meta":{"footnotes":""},"categories":[2,12],"tags":[],"class_list":["post-819","post","type-post","status-publish","format-standard","hentry","category-og-kulmbach","category-termin"],"_links":{"self":[{"href":"https:\/\/www.fwv-kulmbach.de\/index.php?rest_route=\/wp\/v2\/posts\/819","targetHints":{"allow":["GET"]}}],"collection":[{"href":"https:\/\/www.fwv-kulmbach.de\/index.php?rest_route=\/wp\/v2\/posts"}],"about":[{"href":"https:\/\/www.fwv-kulmbach.de\/index.php?rest_route=\/wp\/v2\/types\/post"}],"author":[{"embeddable":true,"href":"https:\/\/www.fwv-kulmbach.de\/index.php?rest_route=\/wp\/v2\/users\/1"}],"replies":[{"embeddable":true,"href":"https:\/\/www.fwv-kulmbach.de\/index.php?rest_route=%2Fwp%2Fv2%2Fcomments&post=819"}],"version-history":[{"count":1,"href":"https:\/\/www.fwv-kulmbach.de\/index.php?rest_route=\/wp\/v2\/posts\/819\/revisions"}],"predecessor-version":[{"id":820,"href":"https:\/\/www.fwv-kulmbach.de\/index.php?rest_route=\/wp\/v2\/posts\/819\/revisions\/820"}],"wp:attachment":[{"href":"https:\/\/www.fwv-kulmbach.de\/index.php?rest_route=%2Fwp%2Fv2%2Fmedia&parent=819"}],"wp:term":[{"taxonomy":"category","embeddable":true,"href":"https:\/\/www.fwv-kulmbach.de\/index.php?rest_route=%2Fwp%2Fv2%2Fcategories&post=819"},{"taxonomy":"post_tag","embeddable":true,"href":"https:\/\/www.fwv-kulmbach.de\/index.php?rest_route=%2Fwp%2Fv2%2Ftags&post=819"}],"curies":[{"name":"wp","href":"https:\/\/api.w.org\/{rel}","templated":true}]}}