{"id":812,"date":"2019-12-29T11:23:56","date_gmt":"2019-12-29T10:23:56","guid":{"rendered":"https:\/\/www.fwv-kulmbach.de\/?p=812"},"modified":"2019-12-29T11:23:56","modified_gmt":"2019-12-29T10:23:56","slug":"einladung-zur-auftaktwanderung-montag-6-januar","status":"publish","type":"post","link":"https:\/\/www.fwv-kulmbach.de\/?p=812","title":{"rendered":"Einladung zur Auftaktwanderung \u2013 Montag, 6. Januar"},"content":{"rendered":"\n<p>Die Ortsgruppe Kulmbach des Frankenwaldvereines l\u00e4dt Mitglieder und G\u00e4ste ganz herzlich zur Auftaktwanderung am <strong>6. Januar 2020<\/strong> (Drei K\u00f6nig) ein.<\/p>\n\n\n\n<p><strong>Treffpunkt<\/strong> ist um <strong>13:00 Uhr am P\u00f6rbitscher Platz<\/strong>.  Wanderf\u00fchrer Hans Werther f\u00fchrt die Gruppe Richtung Ziegelh\u00fctten und dann ein St\u00fcck auf dem Hans-Edelmann-Ringweg \u00fcber das Gr\u00fcndla Richtung &#8222;Am Heidenknock&#8220;. Von dort geht es \u00fcber die Stra\u00dfe &#8222;Am D\u00fcrren Bach&#8220; an einem See vorbei zur Stra\u00dfe &#8222;An den Weinbergen&#8220;. Dann geht es weiter \u00fcber die Flutmulde zur\u00fcck in die P\u00f6rbitsch. Die Einkehr mit  St\u00e4rkantrinken erfolgt dann um ca. 15:30 Uhr im Gasthof Geuther, wo auch  die Mitglieder des Fichtelgebirgsvereins auf uns warten.<\/p>\n","protected":false},"excerpt":{"rendered":"<p>Die Ortsgruppe Kulmbach des Frankenwaldvereines l\u00e4dt Mitglieder und G\u00e4ste ganz herzlich zur Auftaktwanderung am 6. Januar 2020 (Drei K\u00f6nig) ein. Treffpunkt ist um 13:00 Uhr am P\u00f6rbitscher Platz. Wanderf\u00fchrer Hans Werther f\u00fchrt die Gruppe Richtung Ziegelh\u00fctten und dann ein St\u00fcck &hellip; <a href=\"https:\/\/www.fwv-kulmbach.de\/?p=812\">Weiterlesen <span class=\"meta-nav\">&rarr;<\/span><\/a><\/p>\n","protected":false},"author":1,"featured_media":0,"comment_status":"closed","ping_status":"closed","sticky":false,"template":"","format":"standard","meta":{"footnotes":""},"categories":[2,12],"tags":[],"class_list":["post-812","post","type-post","status-publish","format-standard","hentry","category-og-kulmbach","category-termin"],"_links":{"self":[{"href":"https:\/\/www.fwv-kulmbach.de\/index.php?rest_route=\/wp\/v2\/posts\/812","targetHints":{"allow":["GET"]}}],"collection":[{"href":"https:\/\/www.fwv-kulmbach.de\/index.php?rest_route=\/wp\/v2\/posts"}],"about":[{"href":"https:\/\/www.fwv-kulmbach.de\/index.php?rest_route=\/wp\/v2\/types\/post"}],"author":[{"embeddable":true,"href":"https:\/\/www.fwv-kulmbach.de\/index.php?rest_route=\/wp\/v2\/users\/1"}],"replies":[{"embeddable":true,"href":"https:\/\/www.fwv-kulmbach.de\/index.php?rest_route=%2Fwp%2Fv2%2Fcomments&post=812"}],"version-history":[{"count":1,"href":"https:\/\/www.fwv-kulmbach.de\/index.php?rest_route=\/wp\/v2\/posts\/812\/revisions"}],"predecessor-version":[{"id":813,"href":"https:\/\/www.fwv-kulmbach.de\/index.php?rest_route=\/wp\/v2\/posts\/812\/revisions\/813"}],"wp:attachment":[{"href":"https:\/\/www.fwv-kulmbach.de\/index.php?rest_route=%2Fwp%2Fv2%2Fmedia&parent=812"}],"wp:term":[{"taxonomy":"category","embeddable":true,"href":"https:\/\/www.fwv-kulmbach.de\/index.php?rest_route=%2Fwp%2Fv2%2Fcategories&post=812"},{"taxonomy":"post_tag","embeddable":true,"href":"https:\/\/www.fwv-kulmbach.de\/index.php?rest_route=%2Fwp%2Fv2%2Ftags&post=812"}],"curies":[{"name":"wp","href":"https:\/\/api.w.org\/{rel}","templated":true}]}}