{"id":783,"date":"2019-10-20T12:58:21","date_gmt":"2019-10-20T10:58:21","guid":{"rendered":"https:\/\/www.fwv-kulmbach.de\/?p=783"},"modified":"2019-10-20T12:58:21","modified_gmt":"2019-10-20T10:58:21","slug":"einladung-zur-novemberwanderung-nach-waldau","status":"publish","type":"post","link":"https:\/\/www.fwv-kulmbach.de\/?p=783","title":{"rendered":"Einladung zur Novemberwanderung nach Waldau"},"content":{"rendered":"\n<p>Gemeinsam mit dem Fichtelgebirgsverein Kulmbach wandern wir <\/p>\n\n\n\n<p style=\"text-align:center\"><strong>am Sonntag, 3. November 2019 <\/strong><\/p>\n\n\n\n<p>von Leuchau nach Waldau. <\/p>\n\n\n\n<p>Zun\u00e4chst geht es auf dem Maint\u00e4ler-Verbindungsweg hinauf auf die Hochfl\u00e4che und weiter auf dem Markgrafenweg bis Waldau. Einkehr erfolgt im Dorfwirtshaus Waldau (Fuchs). <\/p>\n\n\n\n<p><strong>Wanderbeginn<\/strong>: 13:00 Uhr <br><strong>Wanderstrecke<\/strong>: ca. 7 km, keine Teilwanderung m\u00f6glich<br><strong>Treffpunkt<\/strong>: in Leuchau vor der Gastst\u00e4tte F\u00f6rster<\/p>\n\n\n\n<p>F\u00fcr die Anfahrt ab Leuchau und R\u00fcckfahrt ab Waldau <strong>Fahrgemeinschaften <\/strong>bilden.<\/p>\n\n\n\n<p>Wer eine Mitfahrgelegenheit ben\u00f6tigt wendet sich bitte an Herbert Janka  09229\/9999002 oder Hans Werther 09221\/2009.<\/p>\n\n\n\n<p>M\u00f6glich w\u00e4re auch, mit dem OVF-Bus nach Leuchau zu fahren (Abfahrt ZOB um 12:10 Uhr).<\/p>\n\n\n\n<p>G\u00e4ste sind herzlich willkommen!<\/p>\n","protected":false},"excerpt":{"rendered":"<p>Gemeinsam mit dem Fichtelgebirgsverein Kulmbach wandern wir am Sonntag, 3. November 2019 von Leuchau nach Waldau. Zun\u00e4chst geht es auf dem Maint\u00e4ler-Verbindungsweg hinauf auf die Hochfl\u00e4che und weiter auf dem Markgrafenweg bis Waldau. Einkehr erfolgt im Dorfwirtshaus Waldau (Fuchs). Wanderbeginn: &hellip; <a href=\"https:\/\/www.fwv-kulmbach.de\/?p=783\">Weiterlesen <span class=\"meta-nav\">&rarr;<\/span><\/a><\/p>\n","protected":false},"author":1,"featured_media":0,"comment_status":"closed","ping_status":"closed","sticky":false,"template":"","format":"standard","meta":{"footnotes":""},"categories":[2,12],"tags":[],"class_list":["post-783","post","type-post","status-publish","format-standard","hentry","category-og-kulmbach","category-termin"],"_links":{"self":[{"href":"https:\/\/www.fwv-kulmbach.de\/index.php?rest_route=\/wp\/v2\/posts\/783","targetHints":{"allow":["GET"]}}],"collection":[{"href":"https:\/\/www.fwv-kulmbach.de\/index.php?rest_route=\/wp\/v2\/posts"}],"about":[{"href":"https:\/\/www.fwv-kulmbach.de\/index.php?rest_route=\/wp\/v2\/types\/post"}],"author":[{"embeddable":true,"href":"https:\/\/www.fwv-kulmbach.de\/index.php?rest_route=\/wp\/v2\/users\/1"}],"replies":[{"embeddable":true,"href":"https:\/\/www.fwv-kulmbach.de\/index.php?rest_route=%2Fwp%2Fv2%2Fcomments&post=783"}],"version-history":[{"count":1,"href":"https:\/\/www.fwv-kulmbach.de\/index.php?rest_route=\/wp\/v2\/posts\/783\/revisions"}],"predecessor-version":[{"id":784,"href":"https:\/\/www.fwv-kulmbach.de\/index.php?rest_route=\/wp\/v2\/posts\/783\/revisions\/784"}],"wp:attachment":[{"href":"https:\/\/www.fwv-kulmbach.de\/index.php?rest_route=%2Fwp%2Fv2%2Fmedia&parent=783"}],"wp:term":[{"taxonomy":"category","embeddable":true,"href":"https:\/\/www.fwv-kulmbach.de\/index.php?rest_route=%2Fwp%2Fv2%2Fcategories&post=783"},{"taxonomy":"post_tag","embeddable":true,"href":"https:\/\/www.fwv-kulmbach.de\/index.php?rest_route=%2Fwp%2Fv2%2Ftags&post=783"}],"curies":[{"name":"wp","href":"https:\/\/api.w.org\/{rel}","templated":true}]}}