{"id":755,"date":"2019-08-18T19:40:25","date_gmt":"2019-08-18T17:40:25","guid":{"rendered":"https:\/\/www.fwv-kulmbach.de\/?p=755"},"modified":"2019-08-18T19:40:25","modified_gmt":"2019-08-18T17:40:25","slug":"auf-dem-ku-43-nach-gumpersdorf","status":"publish","type":"post","link":"https:\/\/www.fwv-kulmbach.de\/?p=755","title":{"rendered":"Auf dem KU 43 nach Gumpersdorf"},"content":{"rendered":"\n<p>Am Freitag, den 16. August trafen sich um 16:00 Uhr 25 Wanderer des Frankenwaldvereins am Kauernburger Schl\u00f6\u00dfla. Wanderf\u00fchrerin Erika Lutz f\u00fchrte uns bei bestem Wanderwetter und tollen Aussichten auf die Burg, das Maintal, das Fichtelgebirge und die Fr\u00e4nkische Linie \u00fcber Aichig, am Weiler M\u00fchlberg vorbei, hinauf auf de Espig. Dann ging es hinab nach Gumpersdorf zur Einkehr mit einer guten Brotzeit bei Hanna Heiert.<\/p>\n\n\n\n<figure class=\"wp-block-image\"><img loading=\"lazy\" decoding=\"async\" width=\"473\" height=\"1024\" src=\"https:\/\/www.fwv-kulmbach.de\/wp-content\/uploads\/2019\/08\/2019_Gumpersdorf_3-473x1024.jpg\" alt=\"\" class=\"wp-image-758\" srcset=\"https:\/\/www.fwv-kulmbach.de\/wp-content\/uploads\/2019\/08\/2019_Gumpersdorf_3-473x1024.jpg 473w, https:\/\/www.fwv-kulmbach.de\/wp-content\/uploads\/2019\/08\/2019_Gumpersdorf_3-139x300.jpg 139w, https:\/\/www.fwv-kulmbach.de\/wp-content\/uploads\/2019\/08\/2019_Gumpersdorf_3.jpg 739w\" sizes=\"auto, (max-width: 473px) 100vw, 473px\" \/><figcaption><br><\/figcaption><\/figure>\n\n\n\n<figure class=\"wp-block-image\"><img loading=\"lazy\" decoding=\"async\" width=\"768\" height=\"1024\" src=\"https:\/\/www.fwv-kulmbach.de\/wp-content\/uploads\/2019\/08\/2019_Gumpersdorf_1-e1566149857463-768x1024.jpg\" alt=\"\" class=\"wp-image-756\" srcset=\"https:\/\/www.fwv-kulmbach.de\/wp-content\/uploads\/2019\/08\/2019_Gumpersdorf_1-e1566149857463.jpg 768w, https:\/\/www.fwv-kulmbach.de\/wp-content\/uploads\/2019\/08\/2019_Gumpersdorf_1-e1566149857463-225x300.jpg 225w\" sizes=\"auto, (max-width: 768px) 100vw, 768px\" \/><\/figure>\n\n\n\n<figure class=\"wp-block-image\"><img loading=\"lazy\" decoding=\"async\" width=\"768\" height=\"1024\" src=\"https:\/\/www.fwv-kulmbach.de\/wp-content\/uploads\/2019\/08\/2019_Gumpersdorf_2-e1566149900777-768x1024.jpg\" alt=\"\" class=\"wp-image-757\" srcset=\"https:\/\/www.fwv-kulmbach.de\/wp-content\/uploads\/2019\/08\/2019_Gumpersdorf_2-e1566149900777.jpg 768w, https:\/\/www.fwv-kulmbach.de\/wp-content\/uploads\/2019\/08\/2019_Gumpersdorf_2-e1566149900777-225x300.jpg 225w\" sizes=\"auto, (max-width: 768px) 100vw, 768px\" \/><\/figure>\n","protected":false},"excerpt":{"rendered":"<p>Am Freitag, den 16. August trafen sich um 16:00 Uhr 25 Wanderer des Frankenwaldvereins am Kauernburger Schl\u00f6\u00dfla. Wanderf\u00fchrerin Erika Lutz f\u00fchrte uns bei bestem Wanderwetter und tollen Aussichten auf die Burg, das Maintal, das Fichtelgebirge und die Fr\u00e4nkische Linie \u00fcber &hellip; <a href=\"https:\/\/www.fwv-kulmbach.de\/?p=755\">Weiterlesen <span class=\"meta-nav\">&rarr;<\/span><\/a><\/p>\n","protected":false},"author":1,"featured_media":0,"comment_status":"closed","ping_status":"closed","sticky":false,"template":"","format":"standard","meta":{"footnotes":""},"categories":[13,2],"tags":[],"class_list":["post-755","post","type-post","status-publish","format-standard","hentry","category-bericht","category-og-kulmbach"],"_links":{"self":[{"href":"https:\/\/www.fwv-kulmbach.de\/index.php?rest_route=\/wp\/v2\/posts\/755","targetHints":{"allow":["GET"]}}],"collection":[{"href":"https:\/\/www.fwv-kulmbach.de\/index.php?rest_route=\/wp\/v2\/posts"}],"about":[{"href":"https:\/\/www.fwv-kulmbach.de\/index.php?rest_route=\/wp\/v2\/types\/post"}],"author":[{"embeddable":true,"href":"https:\/\/www.fwv-kulmbach.de\/index.php?rest_route=\/wp\/v2\/users\/1"}],"replies":[{"embeddable":true,"href":"https:\/\/www.fwv-kulmbach.de\/index.php?rest_route=%2Fwp%2Fv2%2Fcomments&post=755"}],"version-history":[{"count":1,"href":"https:\/\/www.fwv-kulmbach.de\/index.php?rest_route=\/wp\/v2\/posts\/755\/revisions"}],"predecessor-version":[{"id":759,"href":"https:\/\/www.fwv-kulmbach.de\/index.php?rest_route=\/wp\/v2\/posts\/755\/revisions\/759"}],"wp:attachment":[{"href":"https:\/\/www.fwv-kulmbach.de\/index.php?rest_route=%2Fwp%2Fv2%2Fmedia&parent=755"}],"wp:term":[{"taxonomy":"category","embeddable":true,"href":"https:\/\/www.fwv-kulmbach.de\/index.php?rest_route=%2Fwp%2Fv2%2Fcategories&post=755"},{"taxonomy":"post_tag","embeddable":true,"href":"https:\/\/www.fwv-kulmbach.de\/index.php?rest_route=%2Fwp%2Fv2%2Ftags&post=755"}],"curies":[{"name":"wp","href":"https:\/\/api.w.org\/{rel}","templated":true}]}}