{"id":752,"date":"2019-07-19T17:42:10","date_gmt":"2019-07-19T15:42:10","guid":{"rendered":"https:\/\/www.fwv-kulmbach.de\/?p=752"},"modified":"2019-07-19T17:42:10","modified_gmt":"2019-07-19T15:42:10","slug":"augustwanderung","status":"publish","type":"post","link":"https:\/\/www.fwv-kulmbach.de\/?p=752","title":{"rendered":"Augustwanderung"},"content":{"rendered":"\n<p>Herzlich eingeladen wird zur Feierabendwanderung am <strong>Freitag, dem 16. August<\/strong>.<\/p>\n\n\n\n<p>Wir treffen uns <strong>um 16 Uhr am Parkplatz  in Kauernburg (Schl\u00f6\u00dfla)<\/strong>. Dem Rundweg KU 43 folgend, geht es bergauf  durch Aichig. Soweit das Wetter es zul\u00e4sst, genie\u00dfen wir die herrliche  Aussicht auf Kulmbach, Schloss Guttenberg und die Gipfel des  Fichtelgebirges.<\/p>\n\n\n\n<p>Vorbei am Weiler M\u00fchlberg geht es bis \nhinauf zum Espich,wo die Sicht auf den Frankenwald freigegeben wird. \nEntlang der H\u00f6he geht es bis zur Ortsverbindungsstra\u00dfe nach \nStadtsteinach, hinunter nach Gumpersdorf zur Einkehr bei \u201eHanna\u201c, f\u00fcr \neine z\u00fcnftige Brotzeit.<\/p>\n\n\n\n<p>Wenn Bedarf besteht, k\u00f6nnen hier Autos geparkt werden, die die Wanderer zum Startpunkt zur\u00fcckbringen.<\/p>\n\n\n\n<p>Die restlichen laufen entlang der  Stra\u00dfe nach Kauernburg bis zum Beginn des Waldes, biegen dort ab, um  wieder nach Aichig zu gelangen. Nun geht es nur noch den Berg hinab zum  Ausgangspunkt.<\/p>\n\n\n\n<p>Wie immer sind G\u00e4ste herzlich willkommen! Eine Anmeldung ist nicht notwendig.<\/p>\n","protected":false},"excerpt":{"rendered":"<p>Herzlich eingeladen wird zur Feierabendwanderung am Freitag, dem 16. August. Wir treffen uns um 16 Uhr am Parkplatz in Kauernburg (Schl\u00f6\u00dfla). Dem Rundweg KU 43 folgend, geht es bergauf durch Aichig. Soweit das Wetter es zul\u00e4sst, genie\u00dfen wir die herrliche &hellip; <a href=\"https:\/\/www.fwv-kulmbach.de\/?p=752\">Weiterlesen <span class=\"meta-nav\">&rarr;<\/span><\/a><\/p>\n","protected":false},"author":1,"featured_media":0,"comment_status":"closed","ping_status":"closed","sticky":false,"template":"","format":"standard","meta":{"footnotes":""},"categories":[2,12],"tags":[],"class_list":["post-752","post","type-post","status-publish","format-standard","hentry","category-og-kulmbach","category-termin"],"_links":{"self":[{"href":"https:\/\/www.fwv-kulmbach.de\/index.php?rest_route=\/wp\/v2\/posts\/752","targetHints":{"allow":["GET"]}}],"collection":[{"href":"https:\/\/www.fwv-kulmbach.de\/index.php?rest_route=\/wp\/v2\/posts"}],"about":[{"href":"https:\/\/www.fwv-kulmbach.de\/index.php?rest_route=\/wp\/v2\/types\/post"}],"author":[{"embeddable":true,"href":"https:\/\/www.fwv-kulmbach.de\/index.php?rest_route=\/wp\/v2\/users\/1"}],"replies":[{"embeddable":true,"href":"https:\/\/www.fwv-kulmbach.de\/index.php?rest_route=%2Fwp%2Fv2%2Fcomments&post=752"}],"version-history":[{"count":1,"href":"https:\/\/www.fwv-kulmbach.de\/index.php?rest_route=\/wp\/v2\/posts\/752\/revisions"}],"predecessor-version":[{"id":753,"href":"https:\/\/www.fwv-kulmbach.de\/index.php?rest_route=\/wp\/v2\/posts\/752\/revisions\/753"}],"wp:attachment":[{"href":"https:\/\/www.fwv-kulmbach.de\/index.php?rest_route=%2Fwp%2Fv2%2Fmedia&parent=752"}],"wp:term":[{"taxonomy":"category","embeddable":true,"href":"https:\/\/www.fwv-kulmbach.de\/index.php?rest_route=%2Fwp%2Fv2%2Fcategories&post=752"},{"taxonomy":"post_tag","embeddable":true,"href":"https:\/\/www.fwv-kulmbach.de\/index.php?rest_route=%2Fwp%2Fv2%2Ftags&post=752"}],"curies":[{"name":"wp","href":"https:\/\/api.w.org\/{rel}","templated":true}]}}