{"id":733,"date":"2019-07-07T15:01:19","date_gmt":"2019-07-07T13:01:19","guid":{"rendered":"https:\/\/www.fwv-kulmbach.de\/?p=733"},"modified":"2019-07-07T15:03:30","modified_gmt":"2019-07-07T13:03:30","slug":"juni-wanderung-im-frankenwald-bei-lippertsgruen","status":"publish","type":"post","link":"https:\/\/www.fwv-kulmbach.de\/?p=733","title":{"rendered":"Juni-Wanderung im Frankenwald bei Lippertsgr\u00fcn"},"content":{"rendered":"\n<p>Nicht bef\u00fcrchtete Hitze, sondern gemischtes Wetter mit ab und zu ein paar Tropfen begleiteten uns auf dem sehr sch\u00f6nen Steigla &#8222;Durchs Grubenholz&#8220;.<\/p>\n\n\n\n<p>Zwei \u00dcberraschungen hielt die Wanderung bereit. Die erste (unangenehme) war, dass die Wanderf\u00fchrer Hans Werther und Dieter Tworowski trotz ordnungsgem\u00e4\u00dfer Vorwanderung im April zwei Mal die Markierung verloren und sich der Weg etwas verl\u00e4ngerte.<\/p>\n\n\n\n<figure class=\"wp-block-image\"><img loading=\"lazy\" decoding=\"async\" width=\"1024\" height=\"768\" src=\"https:\/\/www.fwv-kulmbach.de\/wp-content\/uploads\/2019\/07\/2019_Grubenholz_1-1024x768.jpg\" alt=\"\" class=\"wp-image-734\" srcset=\"https:\/\/www.fwv-kulmbach.de\/wp-content\/uploads\/2019\/07\/2019_Grubenholz_1.jpg 1024w, https:\/\/www.fwv-kulmbach.de\/wp-content\/uploads\/2019\/07\/2019_Grubenholz_1-300x225.jpg 300w, https:\/\/www.fwv-kulmbach.de\/wp-content\/uploads\/2019\/07\/2019_Grubenholz_1-768x576.jpg 768w\" sizes=\"auto, (max-width: 1024px) 100vw, 1024px\" \/><\/figure>\n\n\n\n<p>Bei der Brotzeitpause oberhalb von Lippertsgr\u00fcn genossen wir die Aussicht auf den D\u00f6braberg und Schwarzenbach am Wald.<\/p>\n\n\n\n<figure class=\"wp-block-image\"><img loading=\"lazy\" decoding=\"async\" width=\"1024\" height=\"768\" src=\"https:\/\/www.fwv-kulmbach.de\/wp-content\/uploads\/2019\/07\/2019_Grubenholz_2-1024x768.jpg\" alt=\"\" class=\"wp-image-735\" srcset=\"https:\/\/www.fwv-kulmbach.de\/wp-content\/uploads\/2019\/07\/2019_Grubenholz_2.jpg 1024w, https:\/\/www.fwv-kulmbach.de\/wp-content\/uploads\/2019\/07\/2019_Grubenholz_2-300x225.jpg 300w, https:\/\/www.fwv-kulmbach.de\/wp-content\/uploads\/2019\/07\/2019_Grubenholz_2-768x576.jpg 768w\" sizes=\"auto, (max-width: 1024px) 100vw, 1024px\" \/><\/figure>\n\n\n\n<p>Die Einkehr erfolgte im Gasthaus Rank in G\u00f6hren wo die zweite (positive) \u00dcberraschung auf uns wartete. Gastwirt Rank erfreute uns vor und nach dem Essen mit musikalischen Weisen die unsere Gruppe zum mitsingen und schunkeln animierte.<\/p>\n\n\n\n<figure class=\"wp-block-image\"><img loading=\"lazy\" decoding=\"async\" width=\"1024\" height=\"768\" src=\"https:\/\/www.fwv-kulmbach.de\/wp-content\/uploads\/2019\/07\/2019_Grubenholz_3-1024x768.jpg\" alt=\"\" class=\"wp-image-736\" srcset=\"https:\/\/www.fwv-kulmbach.de\/wp-content\/uploads\/2019\/07\/2019_Grubenholz_3.jpg 1024w, https:\/\/www.fwv-kulmbach.de\/wp-content\/uploads\/2019\/07\/2019_Grubenholz_3-300x225.jpg 300w, https:\/\/www.fwv-kulmbach.de\/wp-content\/uploads\/2019\/07\/2019_Grubenholz_3-768x576.jpg 768w\" sizes=\"auto, (max-width: 1024px) 100vw, 1024px\" \/><\/figure>\n\n\n\n<p><\/p>\n","protected":false},"excerpt":{"rendered":"<p>Nicht bef\u00fcrchtete Hitze, sondern gemischtes Wetter mit ab und zu ein paar Tropfen begleiteten uns auf dem sehr sch\u00f6nen Steigla &#8222;Durchs Grubenholz&#8220;. Zwei \u00dcberraschungen hielt die Wanderung bereit. Die erste (unangenehme) war, dass die Wanderf\u00fchrer Hans Werther und Dieter Tworowski &hellip; <a href=\"https:\/\/www.fwv-kulmbach.de\/?p=733\">Weiterlesen <span class=\"meta-nav\">&rarr;<\/span><\/a><\/p>\n","protected":false},"author":1,"featured_media":0,"comment_status":"closed","ping_status":"closed","sticky":false,"template":"","format":"standard","meta":{"footnotes":""},"categories":[13,2],"tags":[],"class_list":["post-733","post","type-post","status-publish","format-standard","hentry","category-bericht","category-og-kulmbach"],"_links":{"self":[{"href":"https:\/\/www.fwv-kulmbach.de\/index.php?rest_route=\/wp\/v2\/posts\/733","targetHints":{"allow":["GET"]}}],"collection":[{"href":"https:\/\/www.fwv-kulmbach.de\/index.php?rest_route=\/wp\/v2\/posts"}],"about":[{"href":"https:\/\/www.fwv-kulmbach.de\/index.php?rest_route=\/wp\/v2\/types\/post"}],"author":[{"embeddable":true,"href":"https:\/\/www.fwv-kulmbach.de\/index.php?rest_route=\/wp\/v2\/users\/1"}],"replies":[{"embeddable":true,"href":"https:\/\/www.fwv-kulmbach.de\/index.php?rest_route=%2Fwp%2Fv2%2Fcomments&post=733"}],"version-history":[{"count":2,"href":"https:\/\/www.fwv-kulmbach.de\/index.php?rest_route=\/wp\/v2\/posts\/733\/revisions"}],"predecessor-version":[{"id":738,"href":"https:\/\/www.fwv-kulmbach.de\/index.php?rest_route=\/wp\/v2\/posts\/733\/revisions\/738"}],"wp:attachment":[{"href":"https:\/\/www.fwv-kulmbach.de\/index.php?rest_route=%2Fwp%2Fv2%2Fmedia&parent=733"}],"wp:term":[{"taxonomy":"category","embeddable":true,"href":"https:\/\/www.fwv-kulmbach.de\/index.php?rest_route=%2Fwp%2Fv2%2Fcategories&post=733"},{"taxonomy":"post_tag","embeddable":true,"href":"https:\/\/www.fwv-kulmbach.de\/index.php?rest_route=%2Fwp%2Fv2%2Ftags&post=733"}],"curies":[{"name":"wp","href":"https:\/\/api.w.org\/{rel}","templated":true}]}}