{"id":726,"date":"2019-06-08T13:11:41","date_gmt":"2019-06-08T11:11:41","guid":{"rendered":"http:\/\/fwv-kulmbach.de\/?p=726"},"modified":"2019-06-08T13:11:41","modified_gmt":"2019-06-08T11:11:41","slug":"theaterbesuch-trebgast-3","status":"publish","type":"post","link":"https:\/\/www.fwv-kulmbach.de\/?p=726","title":{"rendered":"Theaterbesuch Trebgast"},"content":{"rendered":"\n<p>Am <strong>Freitag, 19. Juli<\/strong> besucht die Ortsgruppe Kulmbach des Frankenwaldvereins wieder die <strong>Naturb\u00fchne in Trebgast<\/strong> zu einer Vorstellung.<\/p>\n\n\n\n<p>Ausgew\u00e4hlt wurde diesmal das St\u00fcck \u201e<strong>Die Wanderhure<\/strong>\u201c  unter der Regie von Anja Dechant-Sundby. Informationen zu  diesem St\u00fcck finden Sie auf der Internetseite der Naturb\u00fchne (<a rel=\"noreferrer noopener\" aria-label=\" (\u00f6ffnet in neuem Tab)\" href=\"https:\/\/www.naturbuehne-trebgast.de\/die-wanderhure.html\" target=\"_blank\">Die Wanderhure<\/a>).<\/p>\n\n\n\n<p><strong>Anmeldungen<\/strong> bei Herbert Janka 09229\/9999002 oder Hans Werther 09221\/2009.<\/p>\n\n\n\n<p>Wir fahren mit privat PKWs und bilden Fahrgemeinschaften.<\/p>\n\n\n\n<p>Treffpunkt der Autos 19:30 Uhr an der Blaicher Kuh. Vorstellungsbeginn ist 20:30 Uhr.<\/p>\n","protected":false},"excerpt":{"rendered":"<p>Am Freitag, 19. Juli besucht die Ortsgruppe Kulmbach des Frankenwaldvereins wieder die Naturb\u00fchne in Trebgast zu einer Vorstellung. Ausgew\u00e4hlt wurde diesmal das St\u00fcck \u201eDie Wanderhure\u201c unter der Regie von Anja Dechant-Sundby. Informationen zu diesem St\u00fcck finden Sie auf der Internetseite &hellip; <a href=\"https:\/\/www.fwv-kulmbach.de\/?p=726\">Weiterlesen <span class=\"meta-nav\">&rarr;<\/span><\/a><\/p>\n","protected":false},"author":1,"featured_media":0,"comment_status":"closed","ping_status":"closed","sticky":false,"template":"","format":"standard","meta":{"footnotes":""},"categories":[2,12],"tags":[],"class_list":["post-726","post","type-post","status-publish","format-standard","hentry","category-og-kulmbach","category-termin"],"_links":{"self":[{"href":"https:\/\/www.fwv-kulmbach.de\/index.php?rest_route=\/wp\/v2\/posts\/726","targetHints":{"allow":["GET"]}}],"collection":[{"href":"https:\/\/www.fwv-kulmbach.de\/index.php?rest_route=\/wp\/v2\/posts"}],"about":[{"href":"https:\/\/www.fwv-kulmbach.de\/index.php?rest_route=\/wp\/v2\/types\/post"}],"author":[{"embeddable":true,"href":"https:\/\/www.fwv-kulmbach.de\/index.php?rest_route=\/wp\/v2\/users\/1"}],"replies":[{"embeddable":true,"href":"https:\/\/www.fwv-kulmbach.de\/index.php?rest_route=%2Fwp%2Fv2%2Fcomments&post=726"}],"version-history":[{"count":1,"href":"https:\/\/www.fwv-kulmbach.de\/index.php?rest_route=\/wp\/v2\/posts\/726\/revisions"}],"predecessor-version":[{"id":727,"href":"https:\/\/www.fwv-kulmbach.de\/index.php?rest_route=\/wp\/v2\/posts\/726\/revisions\/727"}],"wp:attachment":[{"href":"https:\/\/www.fwv-kulmbach.de\/index.php?rest_route=%2Fwp%2Fv2%2Fmedia&parent=726"}],"wp:term":[{"taxonomy":"category","embeddable":true,"href":"https:\/\/www.fwv-kulmbach.de\/index.php?rest_route=%2Fwp%2Fv2%2Fcategories&post=726"},{"taxonomy":"post_tag","embeddable":true,"href":"https:\/\/www.fwv-kulmbach.de\/index.php?rest_route=%2Fwp%2Fv2%2Ftags&post=726"}],"curies":[{"name":"wp","href":"https:\/\/api.w.org\/{rel}","templated":true}]}}