{"id":71,"date":"2014-11-03T14:43:33","date_gmt":"2014-11-03T13:43:33","guid":{"rendered":"http:\/\/fwv-kulmbach.de\/?p=71"},"modified":"2014-11-03T14:43:33","modified_gmt":"2014-11-03T13:43:33","slug":"impression-von-der-weinwanderung-im-steigerwald","status":"publish","type":"post","link":"https:\/\/www.fwv-kulmbach.de\/?p=71","title":{"rendered":"Impression von der Weinwanderung im Steigerwald"},"content":{"rendered":"<p>Schon im Vorfeld zeichnete sich ab, dass die Weinwanderung im Oktober nach Wohnau in Unterfranken eine besonderes Erlebnis sein wird. Signale daf\u00fcr waren auch das \u00fcber Monate sch\u00f6ne Wetter f\u00fcr einen guten Wein. Eine \u00dcberraschung f\u00fcr den Wanderwart war, dass bevor die offizielle Anmeldefrist begann, der Bus schon ausgebucht war. Trotz nachtr\u00e4glicher Zusage eines gr\u00f6\u00dferen Busses konnten nicht alle Wanderwilligen mit auf Tour genommen werden. Unter F\u00fchrung von Wanderfreund Gerhard Heinz ging es von Michelau \u00fcber den Zabelstein zur Einkehr nach Wohnau. Mit den Speisen incl. dem Frankenwein in der Gastst\u00e4tte Steinmetz waren alle Teilnehmer sehr zufrieden.<\/p>\n<p><a href=\"http:\/\/fwv-kulmbach.de\/wp-content\/uploads\/2014\/11\/2014_Weinwanderung.jpg\"><img loading=\"lazy\" decoding=\"async\" class=\"alignnone size-medium wp-image-73\" src=\"http:\/\/fwv-kulmbach.de\/wp-content\/uploads\/2014\/11\/2014_Weinwanderung-300x225.jpg\" alt=\"2014_Weinwanderung\" width=\"300\" height=\"225\" srcset=\"https:\/\/www.fwv-kulmbach.de\/wp-content\/uploads\/2014\/11\/2014_Weinwanderung-300x225.jpg 300w, https:\/\/www.fwv-kulmbach.de\/wp-content\/uploads\/2014\/11\/2014_Weinwanderung.jpg 1024w\" sizes=\"auto, (max-width: 300px) 100vw, 300px\" \/><\/a><\/p>\n","protected":false},"excerpt":{"rendered":"<p>Schon im Vorfeld zeichnete sich ab, dass die Weinwanderung im Oktober nach Wohnau in Unterfranken eine besonderes Erlebnis sein wird. Signale daf\u00fcr waren auch das \u00fcber Monate sch\u00f6ne Wetter f\u00fcr einen guten Wein. Eine \u00dcberraschung f\u00fcr den Wanderwart war, dass &hellip; <a href=\"https:\/\/www.fwv-kulmbach.de\/?p=71\">Weiterlesen <span class=\"meta-nav\">&rarr;<\/span><\/a><\/p>\n","protected":false},"author":1,"featured_media":0,"comment_status":"closed","ping_status":"closed","sticky":false,"template":"","format":"standard","meta":{"footnotes":""},"categories":[2],"tags":[],"class_list":["post-71","post","type-post","status-publish","format-standard","hentry","category-og-kulmbach"],"_links":{"self":[{"href":"https:\/\/www.fwv-kulmbach.de\/index.php?rest_route=\/wp\/v2\/posts\/71","targetHints":{"allow":["GET"]}}],"collection":[{"href":"https:\/\/www.fwv-kulmbach.de\/index.php?rest_route=\/wp\/v2\/posts"}],"about":[{"href":"https:\/\/www.fwv-kulmbach.de\/index.php?rest_route=\/wp\/v2\/types\/post"}],"author":[{"embeddable":true,"href":"https:\/\/www.fwv-kulmbach.de\/index.php?rest_route=\/wp\/v2\/users\/1"}],"replies":[{"embeddable":true,"href":"https:\/\/www.fwv-kulmbach.de\/index.php?rest_route=%2Fwp%2Fv2%2Fcomments&post=71"}],"version-history":[{"count":1,"href":"https:\/\/www.fwv-kulmbach.de\/index.php?rest_route=\/wp\/v2\/posts\/71\/revisions"}],"predecessor-version":[{"id":74,"href":"https:\/\/www.fwv-kulmbach.de\/index.php?rest_route=\/wp\/v2\/posts\/71\/revisions\/74"}],"wp:attachment":[{"href":"https:\/\/www.fwv-kulmbach.de\/index.php?rest_route=%2Fwp%2Fv2%2Fmedia&parent=71"}],"wp:term":[{"taxonomy":"category","embeddable":true,"href":"https:\/\/www.fwv-kulmbach.de\/index.php?rest_route=%2Fwp%2Fv2%2Fcategories&post=71"},{"taxonomy":"post_tag","embeddable":true,"href":"https:\/\/www.fwv-kulmbach.de\/index.php?rest_route=%2Fwp%2Fv2%2Ftags&post=71"}],"curies":[{"name":"wp","href":"https:\/\/api.w.org\/{rel}","templated":true}]}}