{"id":675,"date":"2019-02-12T20:32:15","date_gmt":"2019-02-12T19:32:15","guid":{"rendered":"http:\/\/fwv-kulmbach.de\/?p=675"},"modified":"2019-02-12T20:32:15","modified_gmt":"2019-02-12T19:32:15","slug":"einladung-zur-jahreshauptversammlung","status":"publish","type":"post","link":"https:\/\/www.fwv-kulmbach.de\/?p=675","title":{"rendered":"Einladung zur Jahreshauptversammlung"},"content":{"rendered":"\n<p>Zu unserer <strong>Jahresmitgliederversammlung 2019<\/strong>, laden wir unsere Mitglieder mit Angeh\u00f6rigen und G\u00e4ste <\/p>\n\n\n\n<p style=\"text-align:center\"><strong>am Sonntag, 17. Februar um 15:00 Uhr <br>im Gasthof Geuther, Blaicher Stra\u00dfe 52 in Kulmbach<\/strong><\/p>\n\n\n\n<p>herzlich ein.<\/p>\n\n\n\n<p>Im Mittelpunkt stehen Ehrungen und die Neuwahl des Vorstandes. <\/p>\n","protected":false},"excerpt":{"rendered":"<p>Zu unserer Jahresmitgliederversammlung 2019, laden wir unsere Mitglieder mit Angeh\u00f6rigen und G\u00e4ste am Sonntag, 17. Februar um 15:00 Uhr im Gasthof Geuther, Blaicher Stra\u00dfe 52 in Kulmbach herzlich ein. Im Mittelpunkt stehen Ehrungen und die Neuwahl des Vorstandes.<\/p>\n","protected":false},"author":1,"featured_media":0,"comment_status":"closed","ping_status":"closed","sticky":false,"template":"","format":"standard","meta":{"footnotes":""},"categories":[2,12],"tags":[],"class_list":["post-675","post","type-post","status-publish","format-standard","hentry","category-og-kulmbach","category-termin"],"_links":{"self":[{"href":"https:\/\/www.fwv-kulmbach.de\/index.php?rest_route=\/wp\/v2\/posts\/675","targetHints":{"allow":["GET"]}}],"collection":[{"href":"https:\/\/www.fwv-kulmbach.de\/index.php?rest_route=\/wp\/v2\/posts"}],"about":[{"href":"https:\/\/www.fwv-kulmbach.de\/index.php?rest_route=\/wp\/v2\/types\/post"}],"author":[{"embeddable":true,"href":"https:\/\/www.fwv-kulmbach.de\/index.php?rest_route=\/wp\/v2\/users\/1"}],"replies":[{"embeddable":true,"href":"https:\/\/www.fwv-kulmbach.de\/index.php?rest_route=%2Fwp%2Fv2%2Fcomments&post=675"}],"version-history":[{"count":1,"href":"https:\/\/www.fwv-kulmbach.de\/index.php?rest_route=\/wp\/v2\/posts\/675\/revisions"}],"predecessor-version":[{"id":676,"href":"https:\/\/www.fwv-kulmbach.de\/index.php?rest_route=\/wp\/v2\/posts\/675\/revisions\/676"}],"wp:attachment":[{"href":"https:\/\/www.fwv-kulmbach.de\/index.php?rest_route=%2Fwp%2Fv2%2Fmedia&parent=675"}],"wp:term":[{"taxonomy":"category","embeddable":true,"href":"https:\/\/www.fwv-kulmbach.de\/index.php?rest_route=%2Fwp%2Fv2%2Fcategories&post=675"},{"taxonomy":"post_tag","embeddable":true,"href":"https:\/\/www.fwv-kulmbach.de\/index.php?rest_route=%2Fwp%2Fv2%2Ftags&post=675"}],"curies":[{"name":"wp","href":"https:\/\/api.w.org\/{rel}","templated":true}]}}