{"id":671,"date":"2019-02-12T20:22:38","date_gmt":"2019-02-12T19:22:38","guid":{"rendered":"http:\/\/fwv-kulmbach.de\/?p=671"},"modified":"2019-02-12T20:22:38","modified_gmt":"2019-02-12T19:22:38","slug":"februarwanderung-von-burgkunstadt-nach-mainroth","status":"publish","type":"post","link":"https:\/\/www.fwv-kulmbach.de\/?p=671","title":{"rendered":"Februarwanderung von Burgkunstadt nach Mainroth"},"content":{"rendered":"\n<p>16 unverdrossene Wanderer trafen sich trotz schlechter Wetterprognosen am Samstag, den 9. Februar am Kulmbacher Bahnhof zur Fahrt nach Burgkunstadt. Und prompt begann es in Burgkunstadt zu regnen. Durch die Stadt \u00fcber den sch\u00f6nen Marktplatz wanderten wir Richtung Mainroth auf die Hochfl\u00e4che. Nach einer knappen halben Stunde wurde das Wetter trocken und ab und zu g\u00f6nnte uns die Sonne ein paar Strahlen. <\/p>\n\n\n\n<p>Die Bilder sind oberhalb von Mainklein aufgenommen, wo uns ein Blick auf das Obermaintal mit seinen vielen Baggerseen und im Hintergrund dem Kordigast verg\u00f6nnt war. Nach einer gelungenen Einkehr im Gasthof Krone brachte uns die Agilis Bahn wieder zur\u00fcck nach Kulmbach.<\/p>\n\n\n\n<figure class=\"wp-block-image\"><img loading=\"lazy\" decoding=\"async\" width=\"576\" height=\"1024\" src=\"http:\/\/fwv-kulmbach.de\/wp-content\/uploads\/2019\/02\/2019_Burgkunstadt_1-e1549999199362-576x1024.jpg\" alt=\"\" class=\"wp-image-672\" srcset=\"https:\/\/www.fwv-kulmbach.de\/wp-content\/uploads\/2019\/02\/2019_Burgkunstadt_1-e1549999199362-576x1024.jpg 576w, https:\/\/www.fwv-kulmbach.de\/wp-content\/uploads\/2019\/02\/2019_Burgkunstadt_1-e1549999199362-169x300.jpg 169w, https:\/\/www.fwv-kulmbach.de\/wp-content\/uploads\/2019\/02\/2019_Burgkunstadt_1-e1549999199362.jpg 578w\" sizes=\"auto, (max-width: 576px) 100vw, 576px\" \/><\/figure>\n\n\n\n<figure class=\"wp-block-image\"><img loading=\"lazy\" decoding=\"async\" width=\"576\" height=\"1024\" src=\"http:\/\/fwv-kulmbach.de\/wp-content\/uploads\/2019\/02\/2019_Burgkunstadt_2-e1549999230718-576x1024.jpg\" alt=\"\" class=\"wp-image-673\" srcset=\"https:\/\/www.fwv-kulmbach.de\/wp-content\/uploads\/2019\/02\/2019_Burgkunstadt_2-e1549999230718.jpg 576w, https:\/\/www.fwv-kulmbach.de\/wp-content\/uploads\/2019\/02\/2019_Burgkunstadt_2-e1549999230718-169x300.jpg 169w\" sizes=\"auto, (max-width: 576px) 100vw, 576px\" \/><\/figure>\n","protected":false},"excerpt":{"rendered":"<p>16 unverdrossene Wanderer trafen sich trotz schlechter Wetterprognosen am Samstag, den 9. Februar am Kulmbacher Bahnhof zur Fahrt nach Burgkunstadt. Und prompt begann es in Burgkunstadt zu regnen. Durch die Stadt \u00fcber den sch\u00f6nen Marktplatz wanderten wir Richtung Mainroth auf &hellip; <a href=\"https:\/\/www.fwv-kulmbach.de\/?p=671\">Weiterlesen <span class=\"meta-nav\">&rarr;<\/span><\/a><\/p>\n","protected":false},"author":1,"featured_media":0,"comment_status":"closed","ping_status":"closed","sticky":false,"template":"","format":"standard","meta":{"footnotes":""},"categories":[13,2],"tags":[],"class_list":["post-671","post","type-post","status-publish","format-standard","hentry","category-bericht","category-og-kulmbach"],"_links":{"self":[{"href":"https:\/\/www.fwv-kulmbach.de\/index.php?rest_route=\/wp\/v2\/posts\/671","targetHints":{"allow":["GET"]}}],"collection":[{"href":"https:\/\/www.fwv-kulmbach.de\/index.php?rest_route=\/wp\/v2\/posts"}],"about":[{"href":"https:\/\/www.fwv-kulmbach.de\/index.php?rest_route=\/wp\/v2\/types\/post"}],"author":[{"embeddable":true,"href":"https:\/\/www.fwv-kulmbach.de\/index.php?rest_route=\/wp\/v2\/users\/1"}],"replies":[{"embeddable":true,"href":"https:\/\/www.fwv-kulmbach.de\/index.php?rest_route=%2Fwp%2Fv2%2Fcomments&post=671"}],"version-history":[{"count":1,"href":"https:\/\/www.fwv-kulmbach.de\/index.php?rest_route=\/wp\/v2\/posts\/671\/revisions"}],"predecessor-version":[{"id":674,"href":"https:\/\/www.fwv-kulmbach.de\/index.php?rest_route=\/wp\/v2\/posts\/671\/revisions\/674"}],"wp:attachment":[{"href":"https:\/\/www.fwv-kulmbach.de\/index.php?rest_route=%2Fwp%2Fv2%2Fmedia&parent=671"}],"wp:term":[{"taxonomy":"category","embeddable":true,"href":"https:\/\/www.fwv-kulmbach.de\/index.php?rest_route=%2Fwp%2Fv2%2Fcategories&post=671"},{"taxonomy":"post_tag","embeddable":true,"href":"https:\/\/www.fwv-kulmbach.de\/index.php?rest_route=%2Fwp%2Fv2%2Ftags&post=671"}],"curies":[{"name":"wp","href":"https:\/\/api.w.org\/{rel}","templated":true}]}}