{"id":65,"date":"2014-11-03T14:03:33","date_gmt":"2014-11-03T13:03:33","guid":{"rendered":"http:\/\/fwv-kulmbach.de\/?p=65"},"modified":"2014-11-03T14:03:33","modified_gmt":"2014-11-03T13:03:33","slug":"frankenwaldadvent","status":"publish","type":"post","link":"https:\/\/www.fwv-kulmbach.de\/?p=65","title":{"rendered":"Frankenwaldadvent"},"content":{"rendered":"<p class=\"western\" align=\"center\"><span style=\"font-family: 'Times New Roman', serif;\"><span style=\"font-size: xx-large;\"><b>Liebe Wanderfreunde, Mitglieder <\/b><\/span><\/span><\/p>\n<p class=\"western\" align=\"center\"><span style=\"font-family: 'Times New Roman', serif;\"><span style=\"font-size: xx-large;\"><b>und G\u00e4ste.<\/b><\/span><\/span><\/p>\n<p class=\"western\" align=\"center\"><span style=\"color: #009900;\"><span style=\"font-family: 'Times New Roman', serif;\"><span style=\"font-size: x-large;\"><b>Zur Fortsetzung einer langj\u00e4hrigen Tradition und Aufrechterhaltung freundschaftlicher Verbindungen mit anderen Frankenwaldvereinsortsgruppen besuchen wir auch den diesj\u00e4hrigen Frankenwaldadvent des Hauptvereins in D\u00f6bra<\/b><\/span><\/span><\/span><\/p>\n<p class=\"western\" align=\"center\"><span style=\"color: #009900;\"><span style=\"font-family: 'Times New Roman', serif;\"><span style=\"font-size: x-large;\"><b>am 1. Adventsonntag, den 30. November2014.<\/b><\/span><\/span><\/span><\/p>\n<p class=\"western\" align=\"center\"><span style=\"color: #009900;\"><span style=\"font-family: 'Times New Roman', serif;\"><span style=\"font-size: xx-large;\"><b>Es schlie\u00dfen sich an unsere Kupferberger Frankenw\u00e4ldler.<\/b><\/span><\/span><\/span><\/p>\n<p class=\"western\" align=\"center\"><span style=\"font-family: 'Times New Roman', serif;\"><span style=\"font-size: x-large;\"><b>Wie immer sind uns G\u00e4ste herzlich willkommen.<\/b><\/span><\/span><\/p>\n<p class=\"western\" align=\"center\"><span style=\"font-family: 'Times New Roman', serif;\"><span style=\"font-size: x-large;\"><b><i>Vor dem Besuch des Frankenwaldadvent findet im Gasthaus Synderhauf in D\u00f6bra eine &#8222;Kaffe-Einkehr&#8220; s<\/i>tatt.<\/b><\/span><\/span><\/p>\n<p class=\"western\" align=\"center\"><span style=\"font-family: 'Times New Roman', serif;\"><span style=\"font-size: x-large;\"><i>Wir bitten um rechtzeitige Anmeldung.<\/i><\/span><\/span><\/p>\n<p class=\"western\"><span style=\"font-size: large;\">Busabfahrtszeiten:<\/span><\/p>\n<p class=\"western\"><span style=\"font-size: large;\">13.00 Uhr B 303 Neuenmarkt \u2013 Haltestelle Tankstelle<\/span><\/p>\n<p class=\"western\"><span style=\"font-size: large;\">13.25 Uhr Papier Albrecht<\/span><\/p>\n<p class=\"western\"><span style=\"font-size: large;\">13 28 Uhr Farben Geyer<\/span><\/p>\n<p class=\"western\"><span style=\"font-size: large;\">13.31 Uhr Ellner <\/span><\/p>\n<p class=\"western\"><span style=\"font-size: large;\">13.35 Uhr Busbahnhof (ZOB)<\/span><\/p>\n<p class=\"western\"><span style=\"font-size: large;\">13.40 Uhr Priemershof\u00a0<\/span><\/p>\n<p class=\"western\"><span style=\"font-size: large;\">13.45 Uhr Schweizer Hof\u00a0<\/span><\/p>\n<p class=\"western\"><span style=\"font-size: large;\">13.49 Uhr P\u00f6rbitsch<\/span><\/p>\n<p class=\"western\"><span style=\"font-size: large;\">13.52 Uhr Blaich<\/span><\/p>\n<p class=\"western\"><span style=\"font-size: large;\">13.56 Uhr Kauernburg<\/span><\/p>\n<p class=\"western\">14.00 Uhr Kauerndorf<\/p>\n<p class=\"western\"><span style=\"font-size: large;\">14.04 Uhr Untersteinach<\/span><\/p>\n<p class=\"western\"><span style=\"font-size: large;\">14.05 Uhr Kupferberg<\/span><\/p>\n<p class=\"western\">\n<h2 class=\"western\">17.00 Uhr Beginn in der\u00a0Bartholom\u00e4us-Kirche &#8222;D\u00f6bra&#8220;<\/h2>\n<p class=\"western\">\n<p class=\"western\" align=\"left\"><span style=\"font-family: 'Times New Roman', serif;\"><span style=\"font-size: large;\"><b>Unkostenbeitrag f\u00fcr die Veranstaltung in der Kirche 4,-\u20ac<\/b><\/span><\/span><\/p>\n<p class=\"western\" align=\"left\"><span style=\"font-family: 'Times New Roman', serif;\"><span style=\"font-size: large;\"><b>19.30 Uhr R\u00fcckfahrt D\u00f6bra &#8211; Kulmbach<\/b><\/span><\/span><\/p>\n<p class=\"western\"><span style=\"font-family: 'Times New Roman', serif;\"><span style=\"font-size: large;\"><b>Anmeldung f\u00fcr Kulmbach<\/b><\/span><\/span><b> <\/b><span style=\"font-family: 'Times New Roman', serif;\"><span style=\"font-size: large;\"><b>unter<\/b><\/span><\/span><span style=\"font-family: 'Times New Roman', serif;\"><span style=\"font-size: large;\"> Tel. <\/span><\/span><span style=\"font-family: 'Times New Roman', serif;\"><span style=\"font-size: large;\">09221-2009, <\/span><\/span><span style=\"font-family: 'Times New Roman', serif;\"><span style=\"font-size: large;\">09229-9<\/span><\/span><span style=\"font-family: 'Times New Roman', serif;\"><span style=\"font-size: large;\">999002<\/span><\/span><span style=\"font-family: 'Times New Roman', serif;\"><span style=\"font-size: large;\"> H. Janka<\/span><\/span><\/p>\n<p class=\"western\"><span style=\"font-family: 'Times New Roman', serif;\"><span style=\"font-size: large;\"><b>Anmeldung f\u00fcr Kupferberg unter Tel. <\/b><\/span><\/span><span style=\"font-family: 'Times New Roman', serif;\"><span style=\"font-size: large;\">09227-1515<\/span><\/span><\/p>\n","protected":false},"excerpt":{"rendered":"<p>Liebe Wanderfreunde, Mitglieder und G\u00e4ste. Zur Fortsetzung einer langj\u00e4hrigen Tradition und Aufrechterhaltung freundschaftlicher Verbindungen mit anderen Frankenwaldvereinsortsgruppen besuchen wir auch den diesj\u00e4hrigen Frankenwaldadvent des Hauptvereins in D\u00f6bra am 1. Adventsonntag, den 30. November2014. Es schlie\u00dfen sich an unsere Kupferberger Frankenw\u00e4ldler. &hellip; <a href=\"https:\/\/www.fwv-kulmbach.de\/?p=65\">Weiterlesen <span class=\"meta-nav\">&rarr;<\/span><\/a><\/p>\n","protected":false},"author":1,"featured_media":0,"comment_status":"closed","ping_status":"closed","sticky":false,"template":"","format":"standard","meta":{"footnotes":""},"categories":[3,2],"tags":[],"class_list":["post-65","post","type-post","status-publish","format-standard","hentry","category-gesamtverein","category-og-kulmbach"],"_links":{"self":[{"href":"https:\/\/www.fwv-kulmbach.de\/index.php?rest_route=\/wp\/v2\/posts\/65","targetHints":{"allow":["GET"]}}],"collection":[{"href":"https:\/\/www.fwv-kulmbach.de\/index.php?rest_route=\/wp\/v2\/posts"}],"about":[{"href":"https:\/\/www.fwv-kulmbach.de\/index.php?rest_route=\/wp\/v2\/types\/post"}],"author":[{"embeddable":true,"href":"https:\/\/www.fwv-kulmbach.de\/index.php?rest_route=\/wp\/v2\/users\/1"}],"replies":[{"embeddable":true,"href":"https:\/\/www.fwv-kulmbach.de\/index.php?rest_route=%2Fwp%2Fv2%2Fcomments&post=65"}],"version-history":[{"count":1,"href":"https:\/\/www.fwv-kulmbach.de\/index.php?rest_route=\/wp\/v2\/posts\/65\/revisions"}],"predecessor-version":[{"id":66,"href":"https:\/\/www.fwv-kulmbach.de\/index.php?rest_route=\/wp\/v2\/posts\/65\/revisions\/66"}],"wp:attachment":[{"href":"https:\/\/www.fwv-kulmbach.de\/index.php?rest_route=%2Fwp%2Fv2%2Fmedia&parent=65"}],"wp:term":[{"taxonomy":"category","embeddable":true,"href":"https:\/\/www.fwv-kulmbach.de\/index.php?rest_route=%2Fwp%2Fv2%2Fcategories&post=65"},{"taxonomy":"post_tag","embeddable":true,"href":"https:\/\/www.fwv-kulmbach.de\/index.php?rest_route=%2Fwp%2Fv2%2Ftags&post=65"}],"curies":[{"name":"wp","href":"https:\/\/api.w.org\/{rel}","templated":true}]}}