{"id":640,"date":"2018-12-24T13:47:37","date_gmt":"2018-12-24T12:47:37","guid":{"rendered":"http:\/\/fwv-kulmbach.de\/?p=640"},"modified":"2018-12-24T13:58:50","modified_gmt":"2018-12-24T12:58:50","slug":"neues-jahresprogramm-2018-ab-sofort-zum-download","status":"publish","type":"post","link":"https:\/\/www.fwv-kulmbach.de\/?p=640","title":{"rendered":"Neues Jahresprogramm 2019 ab sofort zum Download"},"content":{"rendered":"<p>Liebe Mitglieder und G\u00e4ste unserer Kulmbacher Ortsgruppe des Frankenwaldvereins,<\/p>\n<p>wir w\u00fcnschen Ihnen und Euch allen sch\u00f6ne Feiertage und einen Guten Rutsch ins neue Jahr! Die Vorstandschaft w\u00fcrde sich auch im Jahr 2019 \u00fcber eine rege Teilnahme an unseren Veranstaltungen und ganz besonders an der 4-Tages-Fahrt in die Ortenau am Rand des Schwarzwaldes sehr freuen.<\/p>\n<p>Das Jahresprogramm 2019 und das Programm der Mehrtagesfahrt finden Sie ab sofort hier auf der Homepage zum Download.<\/p>\n<p><a href=\"http:\/\/fwv-kulmbach.de\/wp-content\/uploads\/2018\/12\/2019_Jahresprogramm.pdf\" target=\"_blank\" rel=\"noopener\">Jahresprogramm 2019<\/a><\/p>\n<p><a href=\"http:\/\/fwv-kulmbach.de\/wp-content\/uploads\/2018\/12\/2019_Mehrtagesfahrt_Einladung.pdf\" target=\"_blank\" rel=\"noopener\">Einladung Mehrtagesfahrt<\/a><\/p>\n","protected":false},"excerpt":{"rendered":"<p>Liebe Mitglieder und G\u00e4ste unserer Kulmbacher Ortsgruppe des Frankenwaldvereins, wir w\u00fcnschen Ihnen und Euch allen sch\u00f6ne Feiertage und einen Guten Rutsch ins neue Jahr! Die Vorstandschaft w\u00fcrde sich auch im Jahr 2019 \u00fcber eine rege Teilnahme an unseren Veranstaltungen und &hellip; <a href=\"https:\/\/www.fwv-kulmbach.de\/?p=640\">Weiterlesen <span class=\"meta-nav\">&rarr;<\/span><\/a><\/p>\n","protected":false},"author":1,"featured_media":0,"comment_status":"closed","ping_status":"closed","sticky":false,"template":"","format":"standard","meta":{"footnotes":""},"categories":[2],"tags":[],"class_list":["post-640","post","type-post","status-publish","format-standard","hentry","category-og-kulmbach"],"_links":{"self":[{"href":"https:\/\/www.fwv-kulmbach.de\/index.php?rest_route=\/wp\/v2\/posts\/640","targetHints":{"allow":["GET"]}}],"collection":[{"href":"https:\/\/www.fwv-kulmbach.de\/index.php?rest_route=\/wp\/v2\/posts"}],"about":[{"href":"https:\/\/www.fwv-kulmbach.de\/index.php?rest_route=\/wp\/v2\/types\/post"}],"author":[{"embeddable":true,"href":"https:\/\/www.fwv-kulmbach.de\/index.php?rest_route=\/wp\/v2\/users\/1"}],"replies":[{"embeddable":true,"href":"https:\/\/www.fwv-kulmbach.de\/index.php?rest_route=%2Fwp%2Fv2%2Fcomments&post=640"}],"version-history":[{"count":3,"href":"https:\/\/www.fwv-kulmbach.de\/index.php?rest_route=\/wp\/v2\/posts\/640\/revisions"}],"predecessor-version":[{"id":647,"href":"https:\/\/www.fwv-kulmbach.de\/index.php?rest_route=\/wp\/v2\/posts\/640\/revisions\/647"}],"wp:attachment":[{"href":"https:\/\/www.fwv-kulmbach.de\/index.php?rest_route=%2Fwp%2Fv2%2Fmedia&parent=640"}],"wp:term":[{"taxonomy":"category","embeddable":true,"href":"https:\/\/www.fwv-kulmbach.de\/index.php?rest_route=%2Fwp%2Fv2%2Fcategories&post=640"},{"taxonomy":"post_tag","embeddable":true,"href":"https:\/\/www.fwv-kulmbach.de\/index.php?rest_route=%2Fwp%2Fv2%2Ftags&post=640"}],"curies":[{"name":"wp","href":"https:\/\/api.w.org\/{rel}","templated":true}]}}