{"id":631,"date":"2018-11-20T15:22:48","date_gmt":"2018-11-20T14:22:48","guid":{"rendered":"http:\/\/fwv-kulmbach.de\/?p=631"},"modified":"2018-11-20T15:24:57","modified_gmt":"2018-11-20T14:24:57","slug":"achatzmuehlenweg-rund-um-marienweiher","status":"publish","type":"post","link":"https:\/\/www.fwv-kulmbach.de\/?p=631","title":{"rendered":"Achatzm\u00fchlenweg rund um Marienweiher"},"content":{"rendered":"<p>Mit 40 Wanderern und bei sch\u00f6nem Herbstwetter f\u00fchrte Wanderf\u00fchrer Herbert Janka auf dem Achatzm\u00fchlenweg rund um Marienweiher. Er berichtete von der Bedeutung der Bildst\u00f6cke entlang des Weges und von Sagen, zum Beispiel vom Mordgraben.<br \/>\nNach fast 4 Stunden Wanderung genossen die Frankenw\u00e4ldler eine gem\u00fctliche Einkehr in Marienweiher.<\/p>\n<p><a href=\"http:\/\/fwv-kulmbach.de\/wp-content\/uploads\/2018\/11\/2018_Marienweiher_1.jpg\"><img loading=\"lazy\" decoding=\"async\" class=\"alignnone size-medium wp-image-632\" src=\"http:\/\/fwv-kulmbach.de\/wp-content\/uploads\/2018\/11\/2018_Marienweiher_1-300x225.jpg\" alt=\"\" width=\"300\" height=\"225\" srcset=\"https:\/\/www.fwv-kulmbach.de\/wp-content\/uploads\/2018\/11\/2018_Marienweiher_1-300x225.jpg 300w, https:\/\/www.fwv-kulmbach.de\/wp-content\/uploads\/2018\/11\/2018_Marienweiher_1-768x576.jpg 768w, https:\/\/www.fwv-kulmbach.de\/wp-content\/uploads\/2018\/11\/2018_Marienweiher_1.jpg 1024w\" sizes=\"auto, (max-width: 300px) 100vw, 300px\" \/><\/a> <a href=\"http:\/\/fwv-kulmbach.de\/wp-content\/uploads\/2018\/11\/2018_Marienweiher_2.jpg\"><img loading=\"lazy\" decoding=\"async\" class=\"alignnone size-medium wp-image-633\" src=\"http:\/\/fwv-kulmbach.de\/wp-content\/uploads\/2018\/11\/2018_Marienweiher_2-300x225.jpg\" alt=\"\" width=\"300\" height=\"225\" srcset=\"https:\/\/www.fwv-kulmbach.de\/wp-content\/uploads\/2018\/11\/2018_Marienweiher_2-300x225.jpg 300w, https:\/\/www.fwv-kulmbach.de\/wp-content\/uploads\/2018\/11\/2018_Marienweiher_2-768x576.jpg 768w, https:\/\/www.fwv-kulmbach.de\/wp-content\/uploads\/2018\/11\/2018_Marienweiher_2.jpg 1024w\" sizes=\"auto, (max-width: 300px) 100vw, 300px\" \/><\/a> <a href=\"http:\/\/fwv-kulmbach.de\/wp-content\/uploads\/2018\/11\/2018_Marienweiher_3.jpg\"><img loading=\"lazy\" decoding=\"async\" class=\"alignnone size-medium wp-image-634\" src=\"http:\/\/fwv-kulmbach.de\/wp-content\/uploads\/2018\/11\/2018_Marienweiher_3-300x225.jpg\" alt=\"\" width=\"300\" height=\"225\" srcset=\"https:\/\/www.fwv-kulmbach.de\/wp-content\/uploads\/2018\/11\/2018_Marienweiher_3-300x225.jpg 300w, https:\/\/www.fwv-kulmbach.de\/wp-content\/uploads\/2018\/11\/2018_Marienweiher_3-768x576.jpg 768w, https:\/\/www.fwv-kulmbach.de\/wp-content\/uploads\/2018\/11\/2018_Marienweiher_3.jpg 1024w\" sizes=\"auto, (max-width: 300px) 100vw, 300px\" \/><\/a><a href=\"http:\/\/fwv-kulmbach.de\/wp-content\/uploads\/2018\/11\/2018_Marienweiher_4-e1542723872874.jpg\"><img loading=\"lazy\" decoding=\"async\" class=\"alignnone size-medium wp-image-636\" src=\"http:\/\/fwv-kulmbach.de\/wp-content\/uploads\/2018\/11\/2018_Marienweiher_4-e1542723872874-225x300.jpg\" alt=\"\" width=\"225\" height=\"300\" srcset=\"https:\/\/www.fwv-kulmbach.de\/wp-content\/uploads\/2018\/11\/2018_Marienweiher_4-e1542723872874-225x300.jpg 225w, https:\/\/www.fwv-kulmbach.de\/wp-content\/uploads\/2018\/11\/2018_Marienweiher_4-e1542723872874.jpg 768w\" sizes=\"auto, (max-width: 225px) 100vw, 225px\" \/><\/a><\/p>\n","protected":false},"excerpt":{"rendered":"<p>Mit 40 Wanderern und bei sch\u00f6nem Herbstwetter f\u00fchrte Wanderf\u00fchrer Herbert Janka auf dem Achatzm\u00fchlenweg rund um Marienweiher. Er berichtete von der Bedeutung der Bildst\u00f6cke entlang des Weges und von Sagen, zum Beispiel vom Mordgraben. Nach fast 4 Stunden Wanderung genossen &hellip; <a href=\"https:\/\/www.fwv-kulmbach.de\/?p=631\">Weiterlesen <span class=\"meta-nav\">&rarr;<\/span><\/a><\/p>\n","protected":false},"author":1,"featured_media":0,"comment_status":"closed","ping_status":"closed","sticky":false,"template":"","format":"standard","meta":{"footnotes":""},"categories":[13,2],"tags":[],"class_list":["post-631","post","type-post","status-publish","format-standard","hentry","category-bericht","category-og-kulmbach"],"_links":{"self":[{"href":"https:\/\/www.fwv-kulmbach.de\/index.php?rest_route=\/wp\/v2\/posts\/631","targetHints":{"allow":["GET"]}}],"collection":[{"href":"https:\/\/www.fwv-kulmbach.de\/index.php?rest_route=\/wp\/v2\/posts"}],"about":[{"href":"https:\/\/www.fwv-kulmbach.de\/index.php?rest_route=\/wp\/v2\/types\/post"}],"author":[{"embeddable":true,"href":"https:\/\/www.fwv-kulmbach.de\/index.php?rest_route=\/wp\/v2\/users\/1"}],"replies":[{"embeddable":true,"href":"https:\/\/www.fwv-kulmbach.de\/index.php?rest_route=%2Fwp%2Fv2%2Fcomments&post=631"}],"version-history":[{"count":3,"href":"https:\/\/www.fwv-kulmbach.de\/index.php?rest_route=\/wp\/v2\/posts\/631\/revisions"}],"predecessor-version":[{"id":638,"href":"https:\/\/www.fwv-kulmbach.de\/index.php?rest_route=\/wp\/v2\/posts\/631\/revisions\/638"}],"wp:attachment":[{"href":"https:\/\/www.fwv-kulmbach.de\/index.php?rest_route=%2Fwp%2Fv2%2Fmedia&parent=631"}],"wp:term":[{"taxonomy":"category","embeddable":true,"href":"https:\/\/www.fwv-kulmbach.de\/index.php?rest_route=%2Fwp%2Fv2%2Fcategories&post=631"},{"taxonomy":"post_tag","embeddable":true,"href":"https:\/\/www.fwv-kulmbach.de\/index.php?rest_route=%2Fwp%2Fv2%2Ftags&post=631"}],"curies":[{"name":"wp","href":"https:\/\/api.w.org\/{rel}","templated":true}]}}