{"id":63,"date":"2014-11-03T13:53:06","date_gmt":"2014-11-03T12:53:06","guid":{"rendered":"http:\/\/fwv-kulmbach.de\/?p=63"},"modified":"2014-11-03T13:53:06","modified_gmt":"2014-11-03T12:53:06","slug":"einladung-zur-novemberwanderung-2014","status":"publish","type":"post","link":"https:\/\/www.fwv-kulmbach.de\/?p=63","title":{"rendered":"Einladung zur Novemberwanderung 2014"},"content":{"rendered":"<p class=\"western\" align=\"center\"><span style=\"font-family: 'Times New Roman', serif;\"><span style=\"font-size: xx-large;\"><b>Liebe Wanderfreunde, Mitglieder und G\u00e4ste.<\/b><\/span><\/span><\/p>\n<p class=\"western\" align=\"center\"><span style=\"color: #000000;\"><span style=\"font-family: 'Times New Roman', serif;\"><span style=\"font-size: x-large;\">Der Staffelberg <\/span><\/span><\/span><span style=\"color: #000000;\"><span style=\"font-family: 'Times New Roman', serif;\"><span style=\"font-size: x-large;\">mit<\/span><\/span><\/span><span style=\"color: #000000;\"><span style=\"font-family: 'Times New Roman', serif;\"><span style=\"font-size: x-large;\"> 539 m \u00fc. NN <\/span><\/span><\/span><span style=\"color: #000000;\"><span style=\"font-family: 'Times New Roman', serif;\"><span style=\"font-size: x-large;\">ist ein <\/span><\/span><\/span><span style=\"color: #000000;\"><span style=\"font-family: 'Times New Roman', serif;\"><span style=\"font-size: x-large;\">der Fr\u00e4nkischen Alb vorgelagerter Zeugenberg im sogenannten Gottesgarten am Obermain. Er ist der Hausberg von Bad Staffelstein im oberfr\u00e4nkischen Landkreis Lichtenfels.<\/span><\/span><\/span><\/p>\n<p class=\"western\" align=\"center\"><span style=\"font-family: 'Times New Roman', serif;\"><span style=\"font-size: x-large;\">Nach dem Lied von Josef Viktor Scheffel-<\/span><\/span><\/p>\n<p class=\"western\" align=\"center\"><span style=\"font-family: 'Times New Roman', serif;\"><span style=\"font-size: x-large;\">&#8220; Wohlauf, die Luft geht frisch und rein, wer lange sitzt mu\u00df rosten,<\/span><\/span><\/p>\n<p class=\"western\" align=\"center\"><span style=\"font-size: xx-large;\"><i><span style=\"color: #000000;\"><span style=\"font-family: 'Times New Roman', serif;\"><b>laden wir herzlich <\/b><\/span><\/span><span style=\"color: #000000;\"><span style=\"font-family: 'Times New Roman', serif;\"><b>ein zu unser<\/b><\/span><\/span><span style=\"color: #000000;\"><span style=\"font-family: 'Times New Roman', serif;\"><b>e<\/b><\/span><\/span><span style=\"color: #000000;\"><span style=\"font-family: 'Times New Roman', serif;\"><b>r Herbstwanderung <\/b><\/span><\/span><span style=\"color: #000000;\"><span style=\"font-family: 'Times New Roman', serif;\"><b>auf den<\/b><\/span><\/span><span style=\"color: #000000;\"><span style=\"font-family: 'Times New Roman', serif;\"><b> Staffelberg<\/b><\/span><\/span><span style=\"color: #000000;\"><span style=\"font-family: 'Times New Roman', serif;\"><b>,<\/b><\/span><\/span><\/i><\/span><\/p>\n<p class=\"western\" align=\"center\"><span style=\"font-family: 'Times New Roman', serif;\"><span style=\"font-size: xx-large;\"><b>am Sonntag den 09. November 2014.<\/b><\/span><\/span><\/p>\n<p class=\"western\" align=\"left\"><span style=\"font-family: 'Times New Roman', serif;\"><span style=\"font-size: xx-large;\"><b>10.20 Uhr Treffen am Bhf. Kulmbach<\/b><\/span><\/span><\/p>\n<p class=\"western\" align=\"left\"><span style=\"font-family: 'Times New Roman', serif;\"><span style=\"font-size: xx-large;\"><b>10.39 Uhr Abfahrt Bhf. Kulmbach<\/b><\/span><\/span><\/p>\n<p class=\"western\" align=\"left\"><span style=\"font-family: 'Times New Roman', serif;\"><span style=\"font-size: xx-large;\"><b>11.07 Uhr Ankunft Bad Staffelstein<\/b><\/span><\/span><\/p>\n<p class=\"western\" align=\"left\"><span style=\"font-family: 'Times New Roman', serif;\"><span style=\"font-size: xx-large;\"><b>Wanderung \u00fcber den Staffelberg zur <\/b><\/span><\/span><\/p>\n<p class=\"western\" align=\"left\"><span style=\"font-family: 'Times New Roman', serif;\"><span style=\"font-size: xx-large;\"><b> Einkehr in Vierzehnheiligen<\/b><\/span><\/span><\/p>\n<p class=\"western\" align=\"left\"><span style=\"font-family: 'Times New Roman', serif;\"><span style=\"font-size: xx-large;\"><b> anschlie\u00dfend R\u00fcckwanderung zum Bahnhof Lichtenfels und R\u00fcckfahrt nach Kulmbach<\/b><\/span><\/span><\/p>\n<p class=\"western\" align=\"left\"><span style=\"font-family: 'Times New Roman', serif;\"><span style=\"font-size: xx-large;\"><b>Es freut sich auf Ihre Teilnahme, <\/b><\/span><\/span><\/p>\n<p class=\"western\" align=\"left\"><span style=\"font-family: 'Times New Roman', serif;\"><span style=\"font-size: xx-large;\"><b>die FWV &#8211; Ortsgruppe Kulmbach<\/b><\/span><\/span><\/p>\n<p class=\"western\"><span style=\"font-size: large;\"><span style=\"font-family: 'Times New Roman', serif;\"><b>Rechtzeitige <\/b><\/span><span style=\"font-family: 'Times New Roman', serif;\"><b>An<\/b><\/span><span style=\"font-family: 'Times New Roman', serif;\"><b>wesenheit am Bhf. wegen Fahrkartenl\u00f6sung <\/b><\/span><span style=\"font-family: 'Times New Roman', serif;\"><b>erforderlich.<\/b><\/span><\/span><\/p>\n<p class=\"western\"><span style=\"font-family: 'Times New Roman', serif;\"><span style=\"font-size: large;\"><b>Informationen <\/b><\/span><\/span><span style=\"font-family: 'Times New Roman', serif;\"><span style=\"font-size: large;\"><b>unter<\/b><\/span><\/span><span style=\"font-family: 'Times New Roman', serif;\"><span style=\"font-size: large;\"> Tel. <\/span><\/span><span style=\"font-family: 'Times New Roman', serif;\"><span style=\"font-size: large;\">09229-9999002 und <\/span><\/span><span style=\"font-family: 'Times New Roman', serif;\"><span style=\"font-size: large;\">0922<\/span><\/span><span style=\"font-family: 'Times New Roman', serif;\"><span style=\"font-size: large;\">1<\/span><\/span><span style=\"font-family: 'Times New Roman', serif;\"><span style=\"font-size: large;\">&#8211;<\/span><\/span><span style=\"font-family: 'Times New Roman', serif;\"><span style=\"font-size: large;\">3245<\/span><\/span><span style=\"font-family: 'Times New Roman', serif;\"><span style=\"font-size: large;\"> H<\/span><\/span><span style=\"font-family: 'Times New Roman', serif;\"><span style=\"font-size: large;\">elga Spindler<\/span><\/span><\/p>\n","protected":false},"excerpt":{"rendered":"<p>Liebe Wanderfreunde, Mitglieder und G\u00e4ste. Der Staffelberg mit 539 m \u00fc. NN ist ein der Fr\u00e4nkischen Alb vorgelagerter Zeugenberg im sogenannten Gottesgarten am Obermain. Er ist der Hausberg von Bad Staffelstein im oberfr\u00e4nkischen Landkreis Lichtenfels. Nach dem Lied von Josef &hellip; <a href=\"https:\/\/www.fwv-kulmbach.de\/?p=63\">Weiterlesen <span class=\"meta-nav\">&rarr;<\/span><\/a><\/p>\n","protected":false},"author":1,"featured_media":0,"comment_status":"closed","ping_status":"closed","sticky":false,"template":"","format":"standard","meta":{"footnotes":""},"categories":[2],"tags":[],"class_list":["post-63","post","type-post","status-publish","format-standard","hentry","category-og-kulmbach"],"_links":{"self":[{"href":"https:\/\/www.fwv-kulmbach.de\/index.php?rest_route=\/wp\/v2\/posts\/63","targetHints":{"allow":["GET"]}}],"collection":[{"href":"https:\/\/www.fwv-kulmbach.de\/index.php?rest_route=\/wp\/v2\/posts"}],"about":[{"href":"https:\/\/www.fwv-kulmbach.de\/index.php?rest_route=\/wp\/v2\/types\/post"}],"author":[{"embeddable":true,"href":"https:\/\/www.fwv-kulmbach.de\/index.php?rest_route=\/wp\/v2\/users\/1"}],"replies":[{"embeddable":true,"href":"https:\/\/www.fwv-kulmbach.de\/index.php?rest_route=%2Fwp%2Fv2%2Fcomments&post=63"}],"version-history":[{"count":1,"href":"https:\/\/www.fwv-kulmbach.de\/index.php?rest_route=\/wp\/v2\/posts\/63\/revisions"}],"predecessor-version":[{"id":64,"href":"https:\/\/www.fwv-kulmbach.de\/index.php?rest_route=\/wp\/v2\/posts\/63\/revisions\/64"}],"wp:attachment":[{"href":"https:\/\/www.fwv-kulmbach.de\/index.php?rest_route=%2Fwp%2Fv2%2Fmedia&parent=63"}],"wp:term":[{"taxonomy":"category","embeddable":true,"href":"https:\/\/www.fwv-kulmbach.de\/index.php?rest_route=%2Fwp%2Fv2%2Fcategories&post=63"},{"taxonomy":"post_tag","embeddable":true,"href":"https:\/\/www.fwv-kulmbach.de\/index.php?rest_route=%2Fwp%2Fv2%2Ftags&post=63"}],"curies":[{"name":"wp","href":"https:\/\/api.w.org\/{rel}","templated":true}]}}