{"id":626,"date":"2018-11-04T11:45:52","date_gmt":"2018-11-04T10:45:52","guid":{"rendered":"http:\/\/fwv-kulmbach.de\/?p=626"},"modified":"2018-11-04T11:47:53","modified_gmt":"2018-11-04T10:47:53","slug":"einladung-zur-nachmittagswanderung-zum-weihnachtsmarkt-nach-lehental","status":"publish","type":"post","link":"https:\/\/www.fwv-kulmbach.de\/?p=626","title":{"rendered":"Einladung zur Nachmittagswanderung zum Weihnachtsmarkt nach Lehenthal"},"content":{"rendered":"<p>Liebe Mitglieder und Wanderfreunde,<\/p>\n<p>im Dezember wollen wir am Samstag vor dem dritten Advent, <strong>15. 12.2018<\/strong>, eine Nachmittagswanderung zum Weihnachtsmarkt in Lehenthal machen.<\/p>\n<p><strong>Treffpunkt ist die &#8222;Blaicher Kuh&#8220; um 13:00 Uhr<\/strong>. Wir wandern zun\u00e4chst steil bergan Richtung Fr\u00fchlingsh\u00f6he, weiter \u00fcber den Flugplatz, Neufang und Baumgarten nach Lehenthal. Dort erwartet uns ein kleiner aber feiner Weihnachtsmarkt und es gibt die M\u00f6glichkeit im Dorfgemeinschaftshaus Kaffee und Kuchen zu genie\u00dfen.<\/p>\n<p>Wer sich den steilen Anstieg aus der Blaich ersparen will, kann mit dem Auto zum <strong>Kulmbacher Flugplatz<\/strong> fahren und sich dort <strong>um ca. 13:50 Uhr<\/strong> der Wanderung anschlie\u00dfen.<\/p>\n<p>M\u00f6glich ist es nat\u00fcrlich auch, direkt nach Lehenthal zu fahren.<\/p>\n<p>Die R\u00fcckfahrt wird \u00fcber Gro\u00dfraumtaxis organisiert.<\/p>\n<p>G\u00e4ste sind herzlich willkommen! Eine Anmeldung ist nicht\u00a0 notwendig.<\/p>\n","protected":false},"excerpt":{"rendered":"<p>Liebe Mitglieder und Wanderfreunde, im Dezember wollen wir am Samstag vor dem dritten Advent, 15. 12.2018, eine Nachmittagswanderung zum Weihnachtsmarkt in Lehenthal machen. Treffpunkt ist die &#8222;Blaicher Kuh&#8220; um 13:00 Uhr. Wir wandern zun\u00e4chst steil bergan Richtung Fr\u00fchlingsh\u00f6he, weiter \u00fcber &hellip; <a href=\"https:\/\/www.fwv-kulmbach.de\/?p=626\">Weiterlesen <span class=\"meta-nav\">&rarr;<\/span><\/a><\/p>\n","protected":false},"author":1,"featured_media":0,"comment_status":"closed","ping_status":"closed","sticky":false,"template":"","format":"standard","meta":{"footnotes":""},"categories":[2,12],"tags":[],"class_list":["post-626","post","type-post","status-publish","format-standard","hentry","category-og-kulmbach","category-termin"],"_links":{"self":[{"href":"https:\/\/www.fwv-kulmbach.de\/index.php?rest_route=\/wp\/v2\/posts\/626","targetHints":{"allow":["GET"]}}],"collection":[{"href":"https:\/\/www.fwv-kulmbach.de\/index.php?rest_route=\/wp\/v2\/posts"}],"about":[{"href":"https:\/\/www.fwv-kulmbach.de\/index.php?rest_route=\/wp\/v2\/types\/post"}],"author":[{"embeddable":true,"href":"https:\/\/www.fwv-kulmbach.de\/index.php?rest_route=\/wp\/v2\/users\/1"}],"replies":[{"embeddable":true,"href":"https:\/\/www.fwv-kulmbach.de\/index.php?rest_route=%2Fwp%2Fv2%2Fcomments&post=626"}],"version-history":[{"count":2,"href":"https:\/\/www.fwv-kulmbach.de\/index.php?rest_route=\/wp\/v2\/posts\/626\/revisions"}],"predecessor-version":[{"id":628,"href":"https:\/\/www.fwv-kulmbach.de\/index.php?rest_route=\/wp\/v2\/posts\/626\/revisions\/628"}],"wp:attachment":[{"href":"https:\/\/www.fwv-kulmbach.de\/index.php?rest_route=%2Fwp%2Fv2%2Fmedia&parent=626"}],"wp:term":[{"taxonomy":"category","embeddable":true,"href":"https:\/\/www.fwv-kulmbach.de\/index.php?rest_route=%2Fwp%2Fv2%2Fcategories&post=626"},{"taxonomy":"post_tag","embeddable":true,"href":"https:\/\/www.fwv-kulmbach.de\/index.php?rest_route=%2Fwp%2Fv2%2Ftags&post=626"}],"curies":[{"name":"wp","href":"https:\/\/api.w.org\/{rel}","templated":true}]}}