{"id":587,"date":"2018-07-21T13:19:29","date_gmt":"2018-07-21T11:19:29","guid":{"rendered":"http:\/\/fwv-kulmbach.de\/?p=587"},"modified":"2018-07-21T13:19:29","modified_gmt":"2018-07-21T11:19:29","slug":"rundwanderung-um-plech","status":"publish","type":"post","link":"https:\/\/www.fwv-kulmbach.de\/?p=587","title":{"rendered":"Rundwanderung um Plech"},"content":{"rendered":"<p>F\u00fcr die gemeinsame Wanderung von Fichtelgebirgsverein und Frankenwaldverein am 15. Juli rund um Plech, hatte Wanderf\u00fchrerin Christa Schatz als geb\u00fcrtige Plecherin, interessante und, f\u00fcr die warmen Temperaturen passende, Waldwege ausgew\u00e4hlt.<\/p>\n<p>Auf naturbelassenem Untergrund ging es zun\u00e4chst an der Kirche auf den Festplatz am Gottvaterberg.<\/p>\n<p><a href=\"http:\/\/fwv-kulmbach.de\/wp-content\/uploads\/2018\/07\/2018_Plech_1.jpg\"><img loading=\"lazy\" decoding=\"async\" class=\"alignnone size-medium wp-image-588\" src=\"http:\/\/fwv-kulmbach.de\/wp-content\/uploads\/2018\/07\/2018_Plech_1-300x225.jpg\" alt=\"\" width=\"300\" height=\"225\" srcset=\"https:\/\/www.fwv-kulmbach.de\/wp-content\/uploads\/2018\/07\/2018_Plech_1-300x225.jpg 300w, https:\/\/www.fwv-kulmbach.de\/wp-content\/uploads\/2018\/07\/2018_Plech_1-768x576.jpg 768w, https:\/\/www.fwv-kulmbach.de\/wp-content\/uploads\/2018\/07\/2018_Plech_1.jpg 1024w\" sizes=\"auto, (max-width: 300px) 100vw, 300px\" \/><\/a> <a href=\"http:\/\/fwv-kulmbach.de\/wp-content\/uploads\/2018\/07\/2018_Plech_2.jpg\"><img loading=\"lazy\" decoding=\"async\" class=\"alignnone size-medium wp-image-589\" src=\"http:\/\/fwv-kulmbach.de\/wp-content\/uploads\/2018\/07\/2018_Plech_2-300x225.jpg\" alt=\"\" width=\"300\" height=\"225\" srcset=\"https:\/\/www.fwv-kulmbach.de\/wp-content\/uploads\/2018\/07\/2018_Plech_2-300x225.jpg 300w, https:\/\/www.fwv-kulmbach.de\/wp-content\/uploads\/2018\/07\/2018_Plech_2-768x576.jpg 768w, https:\/\/www.fwv-kulmbach.de\/wp-content\/uploads\/2018\/07\/2018_Plech_2.jpg 1024w\" sizes=\"auto, (max-width: 300px) 100vw, 300px\" \/><\/a><\/p>\n<p>Unterwegs waren wir auch auf dem \u201eKulturlandschaftsweg Plech\u201c mit seinen interessanten Felsformationen und Aussichtspunkten, wo uns auch die Plecher Sage <a href=\"http:\/\/www.plecher-heimatverein.de\/index.php\/plecher-buergerstreich\">\u201eHott H\u00e4issl, af Plech n\u00e4i!\u201c (Plecher Heimatverein)<\/a> mit einem Augenzwinkern n\u00e4her gebracht wurde.<\/p>\n<p><a href=\"http:\/\/fwv-kulmbach.de\/wp-content\/uploads\/2018\/07\/2018_Plech_3-e1532171899675.jpg\"><img loading=\"lazy\" decoding=\"async\" class=\"alignnone size-medium wp-image-590\" src=\"http:\/\/fwv-kulmbach.de\/wp-content\/uploads\/2018\/07\/2018_Plech_3-e1532171899675-225x300.jpg\" alt=\"\" width=\"225\" height=\"300\" srcset=\"https:\/\/www.fwv-kulmbach.de\/wp-content\/uploads\/2018\/07\/2018_Plech_3-e1532171899675-225x300.jpg 225w, https:\/\/www.fwv-kulmbach.de\/wp-content\/uploads\/2018\/07\/2018_Plech_3-e1532171899675.jpg 768w\" sizes=\"auto, (max-width: 225px) 100vw, 225px\" \/><\/a><\/p>\n<p>Abgerundet wurde die, auch von der Christas Verwandtschaft unterst\u00fctzte, Wanderung im Landgasthof \u201ezur Traube\u201c in Plech mit einer z\u00fcnftigen Einkehr.<\/p>\n","protected":false},"excerpt":{"rendered":"<p>F\u00fcr die gemeinsame Wanderung von Fichtelgebirgsverein und Frankenwaldverein am 15. Juli rund um Plech, hatte Wanderf\u00fchrerin Christa Schatz als geb\u00fcrtige Plecherin, interessante und, f\u00fcr die warmen Temperaturen passende, Waldwege ausgew\u00e4hlt. Auf naturbelassenem Untergrund ging es zun\u00e4chst an der Kirche auf &hellip; <a href=\"https:\/\/www.fwv-kulmbach.de\/?p=587\">Weiterlesen <span class=\"meta-nav\">&rarr;<\/span><\/a><\/p>\n","protected":false},"author":1,"featured_media":0,"comment_status":"closed","ping_status":"closed","sticky":false,"template":"","format":"standard","meta":{"footnotes":""},"categories":[13,2],"tags":[],"class_list":["post-587","post","type-post","status-publish","format-standard","hentry","category-bericht","category-og-kulmbach"],"_links":{"self":[{"href":"https:\/\/www.fwv-kulmbach.de\/index.php?rest_route=\/wp\/v2\/posts\/587","targetHints":{"allow":["GET"]}}],"collection":[{"href":"https:\/\/www.fwv-kulmbach.de\/index.php?rest_route=\/wp\/v2\/posts"}],"about":[{"href":"https:\/\/www.fwv-kulmbach.de\/index.php?rest_route=\/wp\/v2\/types\/post"}],"author":[{"embeddable":true,"href":"https:\/\/www.fwv-kulmbach.de\/index.php?rest_route=\/wp\/v2\/users\/1"}],"replies":[{"embeddable":true,"href":"https:\/\/www.fwv-kulmbach.de\/index.php?rest_route=%2Fwp%2Fv2%2Fcomments&post=587"}],"version-history":[{"count":1,"href":"https:\/\/www.fwv-kulmbach.de\/index.php?rest_route=\/wp\/v2\/posts\/587\/revisions"}],"predecessor-version":[{"id":591,"href":"https:\/\/www.fwv-kulmbach.de\/index.php?rest_route=\/wp\/v2\/posts\/587\/revisions\/591"}],"wp:attachment":[{"href":"https:\/\/www.fwv-kulmbach.de\/index.php?rest_route=%2Fwp%2Fv2%2Fmedia&parent=587"}],"wp:term":[{"taxonomy":"category","embeddable":true,"href":"https:\/\/www.fwv-kulmbach.de\/index.php?rest_route=%2Fwp%2Fv2%2Fcategories&post=587"},{"taxonomy":"post_tag","embeddable":true,"href":"https:\/\/www.fwv-kulmbach.de\/index.php?rest_route=%2Fwp%2Fv2%2Ftags&post=587"}],"curies":[{"name":"wp","href":"https:\/\/api.w.org\/{rel}","templated":true}]}}