{"id":584,"date":"2018-07-04T21:18:55","date_gmt":"2018-07-04T19:18:55","guid":{"rendered":"http:\/\/fwv-kulmbach.de\/?p=584"},"modified":"2018-07-04T21:18:55","modified_gmt":"2018-07-04T19:18:55","slug":"einladung-zur-3-nachtwanderung-der-ortsgruppe","status":"publish","type":"post","link":"https:\/\/www.fwv-kulmbach.de\/?p=584","title":{"rendered":"Einladung zur 3. Nachtwanderung der Ortsgruppe"},"content":{"rendered":"<p><strong><u>Datum:<\/u><\/strong> <strong>Freitag, 27.07.2018<\/strong><strong>\u00a0<\/strong><\/p>\n<p><strong><u>Anmeldung:<\/u><\/strong><\/p>\n<ul>\n<li>Bei Edgar Friedmann (Email\/SMS) mit Namen des\/r Teilnehmers\/in und Handy-Nr.!\n<ul>\n<li><a href=\"mailto:edgar.friedmann@web.de\">friedmann@web.de<\/a><\/li>\n<li>01 76 \/ 57 85 27 84 (nur abends oder WE, <strong>nicht w\u00e4hrend der Arbeitszeit!!!)<\/strong><\/li>\n<\/ul>\n<\/li>\n<li>Kosten: 15,00 EURO pro Person bitte \u00fcberweisen auf das Konto des\n<ul>\n<li>FWV OG Kulmbach<\/li>\n<li>IBAN\u00a0 DE26 7715 0000 0000 1161 52<\/li>\n<li>Verwendungszweck: &#8222;Nachtwanderung 2018&#8220; und Name des\/r Teilnehmers\/in<\/li>\n<\/ul>\n<\/li>\n<li>Anmeldeschluss\/\u00dcberweisungseingang: 20.07.2018\n<ul>\n<li>(am 21.07.2018 werden wir die Teilnehmerzahl an die beteiligten Stellen durchgeben)<\/li>\n<\/ul>\n<\/li>\n<li>Wir hoffen auf angenehmes Wanderwetter und freuen uns mit euch auf einen z\u00fcnftigen Nachteinsatz!<\/li>\n<\/ul>\n<p><strong><u>Ablauf:<\/u><\/strong><\/p>\n<ul>\n<li>Wir treffen uns um 20:30 auf dem Schwedensteg-Parkplatz in Kulmbach<\/li>\n<li>Begr\u00fc\u00dfung durch FWV-OG-Vorsitzenden Hans Werther<\/li>\n<li>20:50: Busfahrt nach Hollfeld (inkludiert)<\/li>\n<li>21:30: los geht\u2019s\u00a0 &#8211;\u00a0 \u00fcber Kr\u00f6gelstein, Zedersitz nach Gro\u00dfenh\u00fcl<\/li>\n<li>1:00: Einkehr im Landgasthof Weith [WC-M\u00f6glichkeit]\n<ul>\n<li>1 Portion Kartoffel-Gem\u00fcse-Gratin mit W\u00fcrstchen pro Person (inkludiert)<\/li>\n<li>Getr\u00e4nke auf eigene Rechnung<\/li>\n<\/ul>\n<\/li>\n<li>2:00: weiter geht\u2018s \u00fcber den Zaunberg, Menchau, Berndorf, Thurnau nach Hutschdorf<\/li>\n<li>5:00: Pause im Schulungsraum der FFW Hutschdorf [WC-M\u00f6glichkeit]\n<ul>\n<li>Getr\u00e4nke werden auf eigene Rechnung angeboten<\/li>\n<li>(Sollte Kaffee oder Tee gew\u00fcnscht werden, bitte bei der Anmeldung mit angeben!)<\/li>\n<\/ul>\n<\/li>\n<li>6:00: weiter geht\u2019s \u00fcber Windischenhaig, Mangersreuth, nach Kulmbach<\/li>\n<li>9:00: Ankunft im neuen Bierfest-Stadl auf dem Zentralparkplatz in Kulmbach am <strong>28.07.2018<\/strong>\n<ul>\n<li>Fr\u00fchschoppen mit Anstich \/ Er\u00f6ffnung der 69. Bierwoche<\/li>\n<\/ul>\n<\/li>\n<li>Es ist jederzeit m\u00f6glich Teilabschnitte mit zu wandern.\n<ul>\n<li>An- bzw. Abreise muss allerdings selbst organisiert werden.<\/li>\n<\/ul>\n<\/li>\n<li>Bitte geben Sie ggf. bei der Anmeldung an, welche\/n Teilabschnitt\/e Sie mit laufen m\u00f6chten.<\/li>\n<\/ul>\n<p>Unterwegs Pausen nach Bedarf.<\/p>\n<p>Wir gehen als Gruppe, es ist kein \u201eWettkampf\u201c, sondern ein \u201eGemeinschaftsevent mit Spa\u00dffaktor\u201c.<\/p>\n<p>Rucksackverpflegung wie jeder gerne m\u00f6chte.<\/p>\n<p>Eine der Strecke entsprechende gesundheitliche Eignung, Belastbarkeit und Kondition wird vorausgesetzt.<\/p>\n<p>Wir weisen ausdr\u00fccklich darauf hin, dass die Teilnahme auf eigene Verantwortung und Risiko erfolgt.<\/p>\n<p>Es besteht keinerlei Haftung durch den Frankenwaldverein, die Wanderf\u00fchrer oder Organisatoren.<\/p>\n<p>Minderj\u00e4hrige k\u00f6nnen nur in Begleitung ihrer Eltern bzw. gesetzlichen Vertreter teilnehmen.<\/p>\n<p>Erziehungsberechtige sind von ihrer Aufsichtspflicht nicht entbunden.<\/p>\n<p>Die Einhaltung der STVO und der Naturschutzbestimmungen ist f\u00fcr jeden Teilnehmer verbindlich.<\/p>\n<p>Wichtig: festes Schuhwerk, wetterentsprechende Kleidung und Ausr\u00fcstung, Taschen-\/Stirnlampe usw.<\/p>\n<p>Wer m\u00f6chte, darf gerne Wanderst\u00f6cke verwenden, diese dienen der Laufunterst\u00fctzung und -sicherheit.<\/p>\n<p>Mit der Teilnahme erkl\u00e4rt sich jeder damit einverstanden, dass gemachte Fotos, Filmaufnahmen und Interviews in Rundfunk, Fernsehen usw. ohne Verg\u00fctungsanspruch f\u00fcr die \u00d6ffentlichkeitsarbeit genutzt und weitergegeben werden d\u00fcrfen.<\/p>\n<p>Au\u00dferdem weisen wir darauf hin, dass die pers\u00f6nlichen Daten f\u00fcr die Abwicklung der Nachtwanderung gespeichert werden.<\/p>\n","protected":false},"excerpt":{"rendered":"<p>Datum: Freitag, 27.07.2018\u00a0 Anmeldung: Bei Edgar Friedmann (Email\/SMS) mit Namen des\/r Teilnehmers\/in und Handy-Nr.! friedmann@web.de 01 76 \/ 57 85 27 84 (nur abends oder WE, nicht w\u00e4hrend der Arbeitszeit!!!) Kosten: 15,00 EURO pro Person bitte \u00fcberweisen auf das Konto &hellip; <a href=\"https:\/\/www.fwv-kulmbach.de\/?p=584\">Weiterlesen <span class=\"meta-nav\">&rarr;<\/span><\/a><\/p>\n","protected":false},"author":1,"featured_media":0,"comment_status":"closed","ping_status":"closed","sticky":false,"template":"","format":"standard","meta":{"footnotes":""},"categories":[2,12],"tags":[],"class_list":["post-584","post","type-post","status-publish","format-standard","hentry","category-og-kulmbach","category-termin"],"_links":{"self":[{"href":"https:\/\/www.fwv-kulmbach.de\/index.php?rest_route=\/wp\/v2\/posts\/584","targetHints":{"allow":["GET"]}}],"collection":[{"href":"https:\/\/www.fwv-kulmbach.de\/index.php?rest_route=\/wp\/v2\/posts"}],"about":[{"href":"https:\/\/www.fwv-kulmbach.de\/index.php?rest_route=\/wp\/v2\/types\/post"}],"author":[{"embeddable":true,"href":"https:\/\/www.fwv-kulmbach.de\/index.php?rest_route=\/wp\/v2\/users\/1"}],"replies":[{"embeddable":true,"href":"https:\/\/www.fwv-kulmbach.de\/index.php?rest_route=%2Fwp%2Fv2%2Fcomments&post=584"}],"version-history":[{"count":1,"href":"https:\/\/www.fwv-kulmbach.de\/index.php?rest_route=\/wp\/v2\/posts\/584\/revisions"}],"predecessor-version":[{"id":585,"href":"https:\/\/www.fwv-kulmbach.de\/index.php?rest_route=\/wp\/v2\/posts\/584\/revisions\/585"}],"wp:attachment":[{"href":"https:\/\/www.fwv-kulmbach.de\/index.php?rest_route=%2Fwp%2Fv2%2Fmedia&parent=584"}],"wp:term":[{"taxonomy":"category","embeddable":true,"href":"https:\/\/www.fwv-kulmbach.de\/index.php?rest_route=%2Fwp%2Fv2%2Fcategories&post=584"},{"taxonomy":"post_tag","embeddable":true,"href":"https:\/\/www.fwv-kulmbach.de\/index.php?rest_route=%2Fwp%2Fv2%2Ftags&post=584"}],"curies":[{"name":"wp","href":"https:\/\/api.w.org\/{rel}","templated":true}]}}