{"id":576,"date":"2018-06-20T22:06:36","date_gmt":"2018-06-20T20:06:36","guid":{"rendered":"http:\/\/fwv-kulmbach.de\/?p=576"},"modified":"2018-06-20T22:06:58","modified_gmt":"2018-06-20T20:06:58","slug":"theaterbesuch-naturbuehne-trebgast-am-24-juli","status":"publish","type":"post","link":"https:\/\/www.fwv-kulmbach.de\/?p=576","title":{"rendered":"Theaterbesuch Naturb\u00fchne Trebgast am 24. Juli"},"content":{"rendered":"<p>Am Dienstag den 24. Juli fahren wir zur Naturb\u00fchne Trebgast zur Auff\u00fchrung &#8222;Die R\u00e4uber&#8220; von Schiller. Beginn: 20:00 Uhr.<\/p>\n<p>Anmeldung und Infos bei Hans Werther &#8211; Telefon: 09221\/2009<\/p>\n<p>Treffpunkt f\u00fcr die PKWs um 19:00 Uhr an der Blaicher Kuh (Fahrgemeinschaften).<\/p>\n<p>Infos zum St\u00fcck auf der Seite der Naturb\u00fchne:<\/p>\n<p><a href=\"https:\/\/www.naturbuehne-trebgast.de\/Programm\/die-raeuber.html\" target=\"_blank\" rel=\"noopener\">https:\/\/www.naturbuehne-trebgast.de\/Programm\/die-raeuber.html<\/a><\/p>\n","protected":false},"excerpt":{"rendered":"<p>Am Dienstag den 24. Juli fahren wir zur Naturb\u00fchne Trebgast zur Auff\u00fchrung &#8222;Die R\u00e4uber&#8220; von Schiller. Beginn: 20:00 Uhr. Anmeldung und Infos bei Hans Werther &#8211; Telefon: 09221\/2009 Treffpunkt f\u00fcr die PKWs um 19:00 Uhr an der Blaicher Kuh (Fahrgemeinschaften). &hellip; <a href=\"https:\/\/www.fwv-kulmbach.de\/?p=576\">Weiterlesen <span class=\"meta-nav\">&rarr;<\/span><\/a><\/p>\n","protected":false},"author":1,"featured_media":0,"comment_status":"closed","ping_status":"closed","sticky":false,"template":"","format":"standard","meta":{"footnotes":""},"categories":[2,12],"tags":[],"class_list":["post-576","post","type-post","status-publish","format-standard","hentry","category-og-kulmbach","category-termin"],"_links":{"self":[{"href":"https:\/\/www.fwv-kulmbach.de\/index.php?rest_route=\/wp\/v2\/posts\/576","targetHints":{"allow":["GET"]}}],"collection":[{"href":"https:\/\/www.fwv-kulmbach.de\/index.php?rest_route=\/wp\/v2\/posts"}],"about":[{"href":"https:\/\/www.fwv-kulmbach.de\/index.php?rest_route=\/wp\/v2\/types\/post"}],"author":[{"embeddable":true,"href":"https:\/\/www.fwv-kulmbach.de\/index.php?rest_route=\/wp\/v2\/users\/1"}],"replies":[{"embeddable":true,"href":"https:\/\/www.fwv-kulmbach.de\/index.php?rest_route=%2Fwp%2Fv2%2Fcomments&post=576"}],"version-history":[{"count":2,"href":"https:\/\/www.fwv-kulmbach.de\/index.php?rest_route=\/wp\/v2\/posts\/576\/revisions"}],"predecessor-version":[{"id":578,"href":"https:\/\/www.fwv-kulmbach.de\/index.php?rest_route=\/wp\/v2\/posts\/576\/revisions\/578"}],"wp:attachment":[{"href":"https:\/\/www.fwv-kulmbach.de\/index.php?rest_route=%2Fwp%2Fv2%2Fmedia&parent=576"}],"wp:term":[{"taxonomy":"category","embeddable":true,"href":"https:\/\/www.fwv-kulmbach.de\/index.php?rest_route=%2Fwp%2Fv2%2Fcategories&post=576"},{"taxonomy":"post_tag","embeddable":true,"href":"https:\/\/www.fwv-kulmbach.de\/index.php?rest_route=%2Fwp%2Fv2%2Ftags&post=576"}],"curies":[{"name":"wp","href":"https:\/\/api.w.org\/{rel}","templated":true}]}}