{"id":567,"date":"2018-06-20T21:53:51","date_gmt":"2018-06-20T19:53:51","guid":{"rendered":"http:\/\/fwv-kulmbach.de\/?p=567"},"modified":"2018-06-20T21:54:24","modified_gmt":"2018-06-20T19:54:24","slug":"saale-unstrut","status":"publish","type":"post","link":"https:\/\/www.fwv-kulmbach.de\/?p=567","title":{"rendered":"Saale Unstrut &#8211; Juni Wanderung"},"content":{"rendered":"<p style=\"text-align: center;\"><em>An der Saale hellem Strande<br \/>\nstehen Burgen stolz und k\u00fchn<br \/>\nIhre D\u00e4cher sind zerfallen,<br \/>\nund der Wind streicht durch die Hallen,<br \/>\nWolken ziehen d\u2019r\u00fcber hin.<\/em><\/p>\n<p><a href=\"http:\/\/fwv-kulmbach.de\/wp-content\/uploads\/2018\/06\/2018_Saale_4.jpg\"><img loading=\"lazy\" decoding=\"async\" class=\"alignnone size-medium wp-image-571\" src=\"http:\/\/fwv-kulmbach.de\/wp-content\/uploads\/2018\/06\/2018_Saale_4-300x225.jpg\" alt=\"\" width=\"300\" height=\"225\" srcset=\"https:\/\/www.fwv-kulmbach.de\/wp-content\/uploads\/2018\/06\/2018_Saale_4-300x225.jpg 300w, https:\/\/www.fwv-kulmbach.de\/wp-content\/uploads\/2018\/06\/2018_Saale_4-768x576.jpg 768w, https:\/\/www.fwv-kulmbach.de\/wp-content\/uploads\/2018\/06\/2018_Saale_4.jpg 1024w\" sizes=\"auto, (max-width: 300px) 100vw, 300px\" \/><\/a><\/p>\n<p>Das f\u00fcr die meisten Kulmbacher unbekannte Wandergebiet zeigte uns den Hintergrund dieses Liedverses deutlich auf. Die Burg Saaleck und die Rudelsburg zusammen mit der traumhaften Landschaft an diesem Saaleabschnitt waren die relativ weite Anreise wert.<\/p>\n<p>W\u00e4hrend des ersten Teils floss der Schwei\u00df wegen des bedeckten Wetters mit unbedeutenden Regentropfen nur beim Anstieg zur Rudelsburg. Nach dem Mittagessen in der Schlosssch\u00e4nke heizte uns aber die Sonne gewaltig ein. Nach der Durchquerung des Saaletals genossen wir dann vom gegen\u00fcberliegenden Steilufer, oder vom dortigen Cafe Himmelreich, die Burgenlandschaft. In Bad K\u00f6sen konnten wir noch die beeindruckende Saline bewundern.<\/p>\n<p>Gro\u00dfen Dank gilt unseren Wanderf\u00fchrern Manuela und Uwe f\u00fcr diese au\u00dfergew\u00f6hnliche Tour.<\/p>\n<p><a href=\"http:\/\/fwv-kulmbach.de\/wp-content\/uploads\/2018\/06\/2018_Saale_1.jpg\"><img loading=\"lazy\" decoding=\"async\" class=\"alignnone size-medium wp-image-568\" src=\"http:\/\/fwv-kulmbach.de\/wp-content\/uploads\/2018\/06\/2018_Saale_1-300x225.jpg\" alt=\"\" width=\"300\" height=\"225\" srcset=\"https:\/\/www.fwv-kulmbach.de\/wp-content\/uploads\/2018\/06\/2018_Saale_1-300x225.jpg 300w, https:\/\/www.fwv-kulmbach.de\/wp-content\/uploads\/2018\/06\/2018_Saale_1-768x576.jpg 768w, https:\/\/www.fwv-kulmbach.de\/wp-content\/uploads\/2018\/06\/2018_Saale_1.jpg 1024w\" sizes=\"auto, (max-width: 300px) 100vw, 300px\" \/><\/a> <a href=\"http:\/\/fwv-kulmbach.de\/wp-content\/uploads\/2018\/06\/2018_Saale_3.jpg\"><img loading=\"lazy\" decoding=\"async\" class=\"alignnone size-medium wp-image-570\" src=\"http:\/\/fwv-kulmbach.de\/wp-content\/uploads\/2018\/06\/2018_Saale_3-300x225.jpg\" alt=\"\" width=\"300\" height=\"225\" srcset=\"https:\/\/www.fwv-kulmbach.de\/wp-content\/uploads\/2018\/06\/2018_Saale_3-300x225.jpg 300w, https:\/\/www.fwv-kulmbach.de\/wp-content\/uploads\/2018\/06\/2018_Saale_3-768x576.jpg 768w, https:\/\/www.fwv-kulmbach.de\/wp-content\/uploads\/2018\/06\/2018_Saale_3.jpg 1024w\" sizes=\"auto, (max-width: 300px) 100vw, 300px\" \/><\/a> <a href=\"http:\/\/fwv-kulmbach.de\/wp-content\/uploads\/2018\/06\/2018_Saale_2.jpg\"><img loading=\"lazy\" decoding=\"async\" class=\"alignnone size-medium wp-image-569\" src=\"http:\/\/fwv-kulmbach.de\/wp-content\/uploads\/2018\/06\/2018_Saale_2-300x225.jpg\" alt=\"\" width=\"300\" height=\"225\" srcset=\"https:\/\/www.fwv-kulmbach.de\/wp-content\/uploads\/2018\/06\/2018_Saale_2-300x225.jpg 300w, https:\/\/www.fwv-kulmbach.de\/wp-content\/uploads\/2018\/06\/2018_Saale_2-768x576.jpg 768w, https:\/\/www.fwv-kulmbach.de\/wp-content\/uploads\/2018\/06\/2018_Saale_2.jpg 1024w\" sizes=\"auto, (max-width: 300px) 100vw, 300px\" \/><\/a><\/p>\n","protected":false},"excerpt":{"rendered":"<p>An der Saale hellem Strande stehen Burgen stolz und k\u00fchn Ihre D\u00e4cher sind zerfallen, und der Wind streicht durch die Hallen, Wolken ziehen d\u2019r\u00fcber hin. Das f\u00fcr die meisten Kulmbacher unbekannte Wandergebiet zeigte uns den Hintergrund dieses Liedverses deutlich auf. &hellip; <a href=\"https:\/\/www.fwv-kulmbach.de\/?p=567\">Weiterlesen <span class=\"meta-nav\">&rarr;<\/span><\/a><\/p>\n","protected":false},"author":1,"featured_media":0,"comment_status":"closed","ping_status":"closed","sticky":false,"template":"","format":"standard","meta":{"footnotes":""},"categories":[13,2],"tags":[],"class_list":["post-567","post","type-post","status-publish","format-standard","hentry","category-bericht","category-og-kulmbach"],"_links":{"self":[{"href":"https:\/\/www.fwv-kulmbach.de\/index.php?rest_route=\/wp\/v2\/posts\/567","targetHints":{"allow":["GET"]}}],"collection":[{"href":"https:\/\/www.fwv-kulmbach.de\/index.php?rest_route=\/wp\/v2\/posts"}],"about":[{"href":"https:\/\/www.fwv-kulmbach.de\/index.php?rest_route=\/wp\/v2\/types\/post"}],"author":[{"embeddable":true,"href":"https:\/\/www.fwv-kulmbach.de\/index.php?rest_route=\/wp\/v2\/users\/1"}],"replies":[{"embeddable":true,"href":"https:\/\/www.fwv-kulmbach.de\/index.php?rest_route=%2Fwp%2Fv2%2Fcomments&post=567"}],"version-history":[{"count":2,"href":"https:\/\/www.fwv-kulmbach.de\/index.php?rest_route=\/wp\/v2\/posts\/567\/revisions"}],"predecessor-version":[{"id":573,"href":"https:\/\/www.fwv-kulmbach.de\/index.php?rest_route=\/wp\/v2\/posts\/567\/revisions\/573"}],"wp:attachment":[{"href":"https:\/\/www.fwv-kulmbach.de\/index.php?rest_route=%2Fwp%2Fv2%2Fmedia&parent=567"}],"wp:term":[{"taxonomy":"category","embeddable":true,"href":"https:\/\/www.fwv-kulmbach.de\/index.php?rest_route=%2Fwp%2Fv2%2Fcategories&post=567"},{"taxonomy":"post_tag","embeddable":true,"href":"https:\/\/www.fwv-kulmbach.de\/index.php?rest_route=%2Fwp%2Fv2%2Ftags&post=567"}],"curies":[{"name":"wp","href":"https:\/\/api.w.org\/{rel}","templated":true}]}}