{"id":519,"date":"2018-01-07T14:16:30","date_gmt":"2018-01-07T13:16:30","guid":{"rendered":"http:\/\/fwv-kulmbach.de\/?p=519"},"modified":"2018-01-07T14:21:25","modified_gmt":"2018-01-07T13:21:25","slug":"von-altenbanz-nach-sesslach","status":"publish","type":"post","link":"https:\/\/www.fwv-kulmbach.de\/?p=519","title":{"rendered":"Von Altenbanz nach Se\u00dflach"},"content":{"rendered":"<p>Zur Winterwanderung am <strong>4. Februar<\/strong> f\u00e4hrt der Bus nach Altenbanz. Von dort wandern wir \u00fcber Rossach und Welsberg ins mittelalterliche St\u00e4dtchen Se\u00dflach. Der Wanderung angeschlossen hat sich der Kulmbacher Fichtelgebirgsverein. In Altenbanz dazusto\u00dfen werden die Wanderfreunde aus Mitwitz.<\/p>\n<p>Teilwanderung m\u00f6glich!<\/p>\n<p>Die Einkehr ist ab 15:30 Uhr im Gasthof Reinwand bestellt.<\/p>\n<p><strong>Busabfahrtszeiten:<\/strong><\/p>\n<p>8:30 Uhr B 303 Neuenmarkt Tankstelle<br \/>\n8:40 Uhr Untersteinach<br \/>\n8:44 Uhr Kauerndorf<br \/>\n8:48 Uhr Kauernburg<br \/>\n8:54 Uhr Blaicher Schule<br \/>\n8:58 Uhr P\u00f6rbitsch<br \/>\n9:02 Uhr Schweizer Hof<br \/>\n9:06 Uhr Priemershof<br \/>\n9:10 Uhr Busbahnhof<br \/>\n9:15 Uhr Farben Geyer<br \/>\n9:20 Uhr Papier Albrecht<\/p>\n<p><strong>G\u00e4ste herzlich willkommen!<\/strong><\/p>\n<p><strong><u>Anmeldung<\/u><\/strong> unter Tel. 09229-9999002 H. Janka und 09221-2009 Hans Werther<\/p>\n","protected":false},"excerpt":{"rendered":"<p>Zur Winterwanderung am 4. Februar f\u00e4hrt der Bus nach Altenbanz. Von dort wandern wir \u00fcber Rossach und Welsberg ins mittelalterliche St\u00e4dtchen Se\u00dflach. Der Wanderung angeschlossen hat sich der Kulmbacher Fichtelgebirgsverein. In Altenbanz dazusto\u00dfen werden die Wanderfreunde aus Mitwitz. Teilwanderung m\u00f6glich! &hellip; <a href=\"https:\/\/www.fwv-kulmbach.de\/?p=519\">Weiterlesen <span class=\"meta-nav\">&rarr;<\/span><\/a><\/p>\n","protected":false},"author":1,"featured_media":0,"comment_status":"closed","ping_status":"closed","sticky":false,"template":"","format":"standard","meta":{"footnotes":""},"categories":[2,12],"tags":[],"class_list":["post-519","post","type-post","status-publish","format-standard","hentry","category-og-kulmbach","category-termin"],"_links":{"self":[{"href":"https:\/\/www.fwv-kulmbach.de\/index.php?rest_route=\/wp\/v2\/posts\/519","targetHints":{"allow":["GET"]}}],"collection":[{"href":"https:\/\/www.fwv-kulmbach.de\/index.php?rest_route=\/wp\/v2\/posts"}],"about":[{"href":"https:\/\/www.fwv-kulmbach.de\/index.php?rest_route=\/wp\/v2\/types\/post"}],"author":[{"embeddable":true,"href":"https:\/\/www.fwv-kulmbach.de\/index.php?rest_route=\/wp\/v2\/users\/1"}],"replies":[{"embeddable":true,"href":"https:\/\/www.fwv-kulmbach.de\/index.php?rest_route=%2Fwp%2Fv2%2Fcomments&post=519"}],"version-history":[{"count":3,"href":"https:\/\/www.fwv-kulmbach.de\/index.php?rest_route=\/wp\/v2\/posts\/519\/revisions"}],"predecessor-version":[{"id":522,"href":"https:\/\/www.fwv-kulmbach.de\/index.php?rest_route=\/wp\/v2\/posts\/519\/revisions\/522"}],"wp:attachment":[{"href":"https:\/\/www.fwv-kulmbach.de\/index.php?rest_route=%2Fwp%2Fv2%2Fmedia&parent=519"}],"wp:term":[{"taxonomy":"category","embeddable":true,"href":"https:\/\/www.fwv-kulmbach.de\/index.php?rest_route=%2Fwp%2Fv2%2Fcategories&post=519"},{"taxonomy":"post_tag","embeddable":true,"href":"https:\/\/www.fwv-kulmbach.de\/index.php?rest_route=%2Fwp%2Fv2%2Ftags&post=519"}],"curies":[{"name":"wp","href":"https:\/\/api.w.org\/{rel}","templated":true}]}}