{"id":515,"date":"2018-01-07T13:57:40","date_gmt":"2018-01-07T12:57:40","guid":{"rendered":"http:\/\/fwv-kulmbach.de\/?p=515"},"modified":"2018-01-07T13:57:40","modified_gmt":"2018-01-07T12:57:40","slug":"auftaktwanderung-am-dreikoenigs-tag","status":"publish","type":"post","link":"https:\/\/www.fwv-kulmbach.de\/?p=515","title":{"rendered":"Auftaktwanderung am Dreik\u00f6nigs-Tag"},"content":{"rendered":"<p>Fast 50 Wanderer konnte Vorsitzender Hans Werther am M\u00f6nchshofparkplatz zur traditionellen Auftaktwanderung begr\u00fc\u00dfen. Wanderf\u00fchrer Rudolph Krau\u00df f\u00fchrte die Gruppe \u00fcber das Gutmannsg\u00e4sschen hinauf zur Plassenburg. Dort ging es durch den Buchwald \u00fcber Pflanzgarten hinunter in die H\u00f6lle und dann wieder \u00fcber das Kaupersg\u00e4sschen zur Plassenburg hinauf.<\/p>\n<p><a href=\"http:\/\/fwv-kulmbach.de\/wp-content\/uploads\/2018\/01\/2018_Auftaktswanderung_1.jpg\"><img loading=\"lazy\" decoding=\"async\" class=\"alignnone size-medium wp-image-516\" src=\"http:\/\/fwv-kulmbach.de\/wp-content\/uploads\/2018\/01\/2018_Auftaktswanderung_1-300x225.jpg\" alt=\"\" width=\"300\" height=\"225\" srcset=\"https:\/\/www.fwv-kulmbach.de\/wp-content\/uploads\/2018\/01\/2018_Auftaktswanderung_1-300x225.jpg 300w, https:\/\/www.fwv-kulmbach.de\/wp-content\/uploads\/2018\/01\/2018_Auftaktswanderung_1-768x576.jpg 768w, https:\/\/www.fwv-kulmbach.de\/wp-content\/uploads\/2018\/01\/2018_Auftaktswanderung_1.jpg 1024w\" sizes=\"auto, (max-width: 300px) 100vw, 300px\" \/><\/a><\/p>\n<p>Die Anstrengungen der Wanderung wurden durch den Feengrotten-Kr\u00e4uterlik\u00f6r von unseren Wanderfreunden aus Saalfeld gelindert. Das St\u00e4rkantrinken unseres Kulmbacher Frankenwaldvereins erfolgte dann mit den Bieren der M\u00f6nchshof- und der Museumsbrauerei im Klosterkeller des Br\u00e4uhauses.<\/p>\n<p><a href=\"http:\/\/fwv-kulmbach.de\/wp-content\/uploads\/2018\/01\/2018_Auftaktswanderung_2.jpg\"><img loading=\"lazy\" decoding=\"async\" class=\"alignnone size-medium wp-image-517\" src=\"http:\/\/fwv-kulmbach.de\/wp-content\/uploads\/2018\/01\/2018_Auftaktswanderung_2-300x225.jpg\" alt=\"\" width=\"300\" height=\"225\" srcset=\"https:\/\/www.fwv-kulmbach.de\/wp-content\/uploads\/2018\/01\/2018_Auftaktswanderung_2-300x225.jpg 300w, https:\/\/www.fwv-kulmbach.de\/wp-content\/uploads\/2018\/01\/2018_Auftaktswanderung_2-768x576.jpg 768w, https:\/\/www.fwv-kulmbach.de\/wp-content\/uploads\/2018\/01\/2018_Auftaktswanderung_2.jpg 1024w\" sizes=\"auto, (max-width: 300px) 100vw, 300px\" \/><\/a><\/p>\n","protected":false},"excerpt":{"rendered":"<p>Fast 50 Wanderer konnte Vorsitzender Hans Werther am M\u00f6nchshofparkplatz zur traditionellen Auftaktwanderung begr\u00fc\u00dfen. Wanderf\u00fchrer Rudolph Krau\u00df f\u00fchrte die Gruppe \u00fcber das Gutmannsg\u00e4sschen hinauf zur Plassenburg. Dort ging es durch den Buchwald \u00fcber Pflanzgarten hinunter in die H\u00f6lle und dann wieder &hellip; <a href=\"https:\/\/www.fwv-kulmbach.de\/?p=515\">Weiterlesen <span class=\"meta-nav\">&rarr;<\/span><\/a><\/p>\n","protected":false},"author":1,"featured_media":0,"comment_status":"closed","ping_status":"closed","sticky":false,"template":"","format":"standard","meta":{"footnotes":""},"categories":[13,2],"tags":[],"class_list":["post-515","post","type-post","status-publish","format-standard","hentry","category-bericht","category-og-kulmbach"],"_links":{"self":[{"href":"https:\/\/www.fwv-kulmbach.de\/index.php?rest_route=\/wp\/v2\/posts\/515","targetHints":{"allow":["GET"]}}],"collection":[{"href":"https:\/\/www.fwv-kulmbach.de\/index.php?rest_route=\/wp\/v2\/posts"}],"about":[{"href":"https:\/\/www.fwv-kulmbach.de\/index.php?rest_route=\/wp\/v2\/types\/post"}],"author":[{"embeddable":true,"href":"https:\/\/www.fwv-kulmbach.de\/index.php?rest_route=\/wp\/v2\/users\/1"}],"replies":[{"embeddable":true,"href":"https:\/\/www.fwv-kulmbach.de\/index.php?rest_route=%2Fwp%2Fv2%2Fcomments&post=515"}],"version-history":[{"count":1,"href":"https:\/\/www.fwv-kulmbach.de\/index.php?rest_route=\/wp\/v2\/posts\/515\/revisions"}],"predecessor-version":[{"id":518,"href":"https:\/\/www.fwv-kulmbach.de\/index.php?rest_route=\/wp\/v2\/posts\/515\/revisions\/518"}],"wp:attachment":[{"href":"https:\/\/www.fwv-kulmbach.de\/index.php?rest_route=%2Fwp%2Fv2%2Fmedia&parent=515"}],"wp:term":[{"taxonomy":"category","embeddable":true,"href":"https:\/\/www.fwv-kulmbach.de\/index.php?rest_route=%2Fwp%2Fv2%2Fcategories&post=515"},{"taxonomy":"post_tag","embeddable":true,"href":"https:\/\/www.fwv-kulmbach.de\/index.php?rest_route=%2Fwp%2Fv2%2Ftags&post=515"}],"curies":[{"name":"wp","href":"https:\/\/api.w.org\/{rel}","templated":true}]}}