{"id":505,"date":"2017-12-23T13:38:47","date_gmt":"2017-12-23T12:38:47","guid":{"rendered":"http:\/\/fwv-kulmbach.de\/?p=505"},"modified":"2017-12-23T13:41:36","modified_gmt":"2017-12-23T12:41:36","slug":"einladung-zur-auftaktswanderung-2018","status":"publish","type":"post","link":"https:\/\/www.fwv-kulmbach.de\/?p=505","title":{"rendered":"Einladung zur Auftaktwanderung 2018"},"content":{"rendered":"<p>Herzliche Einladung zur Wanderung am<strong> 6. Januar 2018<\/strong> mit Rudolf Krau\u00df durch den Buchwald.<\/p>\n<p><strong>Treffpunkt<\/strong> ist um <strong>13:00 Uhr<\/strong> am Parkplatz <strong>M\u00f6nchshof<\/strong> Brauerei.<\/p>\n<p>Die <strong>Endeinkehr<\/strong> ist um <strong>16:00 Uhr<\/strong> im <strong>M\u00f6nchshof<\/strong> Br\u00e4uhaus im Raum Klosterkeller zum traditionellen St\u00e4rkantrinken geplant.<\/p>\n<p>Herzliche Einladung an alle Mitglieder und G\u00e4ste zur Wanderung und\/oder zum St\u00e4rkantrinken!<\/p>\n","protected":false},"excerpt":{"rendered":"<p>Herzliche Einladung zur Wanderung am 6. Januar 2018 mit Rudolf Krau\u00df durch den Buchwald. Treffpunkt ist um 13:00 Uhr am Parkplatz M\u00f6nchshof Brauerei. Die Endeinkehr ist um 16:00 Uhr im M\u00f6nchshof Br\u00e4uhaus im Raum Klosterkeller zum traditionellen St\u00e4rkantrinken geplant. Herzliche &hellip; <a href=\"https:\/\/www.fwv-kulmbach.de\/?p=505\">Weiterlesen <span class=\"meta-nav\">&rarr;<\/span><\/a><\/p>\n","protected":false},"author":1,"featured_media":0,"comment_status":"closed","ping_status":"closed","sticky":false,"template":"","format":"standard","meta":{"footnotes":""},"categories":[2,12],"tags":[],"class_list":["post-505","post","type-post","status-publish","format-standard","hentry","category-og-kulmbach","category-termin"],"_links":{"self":[{"href":"https:\/\/www.fwv-kulmbach.de\/index.php?rest_route=\/wp\/v2\/posts\/505","targetHints":{"allow":["GET"]}}],"collection":[{"href":"https:\/\/www.fwv-kulmbach.de\/index.php?rest_route=\/wp\/v2\/posts"}],"about":[{"href":"https:\/\/www.fwv-kulmbach.de\/index.php?rest_route=\/wp\/v2\/types\/post"}],"author":[{"embeddable":true,"href":"https:\/\/www.fwv-kulmbach.de\/index.php?rest_route=\/wp\/v2\/users\/1"}],"replies":[{"embeddable":true,"href":"https:\/\/www.fwv-kulmbach.de\/index.php?rest_route=%2Fwp%2Fv2%2Fcomments&post=505"}],"version-history":[{"count":4,"href":"https:\/\/www.fwv-kulmbach.de\/index.php?rest_route=\/wp\/v2\/posts\/505\/revisions"}],"predecessor-version":[{"id":509,"href":"https:\/\/www.fwv-kulmbach.de\/index.php?rest_route=\/wp\/v2\/posts\/505\/revisions\/509"}],"wp:attachment":[{"href":"https:\/\/www.fwv-kulmbach.de\/index.php?rest_route=%2Fwp%2Fv2%2Fmedia&parent=505"}],"wp:term":[{"taxonomy":"category","embeddable":true,"href":"https:\/\/www.fwv-kulmbach.de\/index.php?rest_route=%2Fwp%2Fv2%2Fcategories&post=505"},{"taxonomy":"post_tag","embeddable":true,"href":"https:\/\/www.fwv-kulmbach.de\/index.php?rest_route=%2Fwp%2Fv2%2Ftags&post=505"}],"curies":[{"name":"wp","href":"https:\/\/api.w.org\/{rel}","templated":true}]}}