{"id":483,"date":"2017-11-26T13:21:28","date_gmt":"2017-11-26T12:21:28","guid":{"rendered":"http:\/\/fwv-kulmbach.de\/?p=483"},"modified":"2017-11-26T13:21:28","modified_gmt":"2017-11-26T12:21:28","slug":"novemberwanderung-im-schneegestoeber","status":"publish","type":"post","link":"https:\/\/www.fwv-kulmbach.de\/?p=483","title":{"rendered":"Novemberwanderung im Schneegest\u00f6ber"},"content":{"rendered":"<p>Miserabel waren die kurzfristigen Wettervorhersagen f\u00fcr unsere Novemberwanderung von Kasendorf nach Schirradorf. Und tats\u00e4chlich setzte eine Stunde vor Wanderbeginn in Kulmbach starker Regen und in Kasendorf Schneegest\u00f6ber ein. Manuela Teichman-Wirsig und Uwe Wirsig f\u00fchrten die 35 Wanderer \u00fcber eine geschlossene Schneedecke (sehr feucht und mit darunter liegendem Matsch) durch eine nebelige Juralandschaft.<\/p>\n<p>Unsere Wanderer zeigten sich wetter- und trittfest und bei bester Stimmung klang der Tag in der Gastst\u00e4tte Erlmann in Schirradorf gem\u00fctlich aus.<\/p>\n<p><a href=\"http:\/\/fwv-kulmbach.de\/wp-content\/uploads\/2017\/11\/2017_Schirradorf_1.jpg\"><img loading=\"lazy\" decoding=\"async\" class=\"alignnone size-medium wp-image-484\" src=\"http:\/\/fwv-kulmbach.de\/wp-content\/uploads\/2017\/11\/2017_Schirradorf_1-300x225.jpg\" alt=\"\" width=\"300\" height=\"225\" srcset=\"https:\/\/www.fwv-kulmbach.de\/wp-content\/uploads\/2017\/11\/2017_Schirradorf_1-300x225.jpg 300w, https:\/\/www.fwv-kulmbach.de\/wp-content\/uploads\/2017\/11\/2017_Schirradorf_1-768x576.jpg 768w, https:\/\/www.fwv-kulmbach.de\/wp-content\/uploads\/2017\/11\/2017_Schirradorf_1.jpg 1024w\" sizes=\"auto, (max-width: 300px) 100vw, 300px\" \/><\/a> <a href=\"http:\/\/fwv-kulmbach.de\/wp-content\/uploads\/2017\/11\/2017_Schirradorf_2.jpg\"><img loading=\"lazy\" decoding=\"async\" class=\"alignnone size-medium wp-image-485\" src=\"http:\/\/fwv-kulmbach.de\/wp-content\/uploads\/2017\/11\/2017_Schirradorf_2-300x225.jpg\" alt=\"\" width=\"300\" height=\"225\" srcset=\"https:\/\/www.fwv-kulmbach.de\/wp-content\/uploads\/2017\/11\/2017_Schirradorf_2-300x225.jpg 300w, https:\/\/www.fwv-kulmbach.de\/wp-content\/uploads\/2017\/11\/2017_Schirradorf_2-768x576.jpg 768w, https:\/\/www.fwv-kulmbach.de\/wp-content\/uploads\/2017\/11\/2017_Schirradorf_2.jpg 1024w\" sizes=\"auto, (max-width: 300px) 100vw, 300px\" \/><\/a><\/p>\n","protected":false},"excerpt":{"rendered":"<p>Miserabel waren die kurzfristigen Wettervorhersagen f\u00fcr unsere Novemberwanderung von Kasendorf nach Schirradorf. Und tats\u00e4chlich setzte eine Stunde vor Wanderbeginn in Kulmbach starker Regen und in Kasendorf Schneegest\u00f6ber ein. Manuela Teichman-Wirsig und Uwe Wirsig f\u00fchrten die 35 Wanderer \u00fcber eine geschlossene &hellip; <a href=\"https:\/\/www.fwv-kulmbach.de\/?p=483\">Weiterlesen <span class=\"meta-nav\">&rarr;<\/span><\/a><\/p>\n","protected":false},"author":1,"featured_media":0,"comment_status":"closed","ping_status":"closed","sticky":false,"template":"","format":"standard","meta":{"footnotes":""},"categories":[13,2],"tags":[],"class_list":["post-483","post","type-post","status-publish","format-standard","hentry","category-bericht","category-og-kulmbach"],"_links":{"self":[{"href":"https:\/\/www.fwv-kulmbach.de\/index.php?rest_route=\/wp\/v2\/posts\/483","targetHints":{"allow":["GET"]}}],"collection":[{"href":"https:\/\/www.fwv-kulmbach.de\/index.php?rest_route=\/wp\/v2\/posts"}],"about":[{"href":"https:\/\/www.fwv-kulmbach.de\/index.php?rest_route=\/wp\/v2\/types\/post"}],"author":[{"embeddable":true,"href":"https:\/\/www.fwv-kulmbach.de\/index.php?rest_route=\/wp\/v2\/users\/1"}],"replies":[{"embeddable":true,"href":"https:\/\/www.fwv-kulmbach.de\/index.php?rest_route=%2Fwp%2Fv2%2Fcomments&post=483"}],"version-history":[{"count":1,"href":"https:\/\/www.fwv-kulmbach.de\/index.php?rest_route=\/wp\/v2\/posts\/483\/revisions"}],"predecessor-version":[{"id":486,"href":"https:\/\/www.fwv-kulmbach.de\/index.php?rest_route=\/wp\/v2\/posts\/483\/revisions\/486"}],"wp:attachment":[{"href":"https:\/\/www.fwv-kulmbach.de\/index.php?rest_route=%2Fwp%2Fv2%2Fmedia&parent=483"}],"wp:term":[{"taxonomy":"category","embeddable":true,"href":"https:\/\/www.fwv-kulmbach.de\/index.php?rest_route=%2Fwp%2Fv2%2Fcategories&post=483"},{"taxonomy":"post_tag","embeddable":true,"href":"https:\/\/www.fwv-kulmbach.de\/index.php?rest_route=%2Fwp%2Fv2%2Ftags&post=483"}],"curies":[{"name":"wp","href":"https:\/\/api.w.org\/{rel}","templated":true}]}}