{"id":462,"date":"2017-08-27T12:05:15","date_gmt":"2017-08-27T10:05:15","guid":{"rendered":"http:\/\/fwv-kulmbach.de\/?p=462"},"modified":"2017-08-27T15:05:27","modified_gmt":"2017-08-27T13:05:27","slug":"windraederwanderung-des-kulmbacher-frankenwaldvereins","status":"publish","type":"post","link":"https:\/\/www.fwv-kulmbach.de\/?p=462","title":{"rendered":"Windr\u00e4derwanderung des Kulmbacher Frankenwaldvereins"},"content":{"rendered":"<p>Bei der gut besuchten Augustwanderung des Frankenwaldvereins Kulmbach von Schimmendorf nach Oberdornlach konnten die Wanderer nicht nur die herrliche Sommerlandschaft und Aussicht zum G\u00f6rauer Anger, Richtung Frankenwald und Fichtelgebirge genie\u00dfen. Sie besch\u00e4ftigten sich auch mit einem aktuellen politischen Thema: Die Windr\u00e4der im neu er\u00f6ffneten Windpark Hain-Ost waren das Ziel. Dazu hatte Herbert Janka den Verfechter und betroffenen Waldeigent\u00fcmer Klaus Knorr als Wanderf\u00fchrer gewinnen k\u00f6nnen, der unserer Gruppe auch einen Blick in das Innere eines Windrades erm\u00f6glichte, das j\u00e4hrlich rund 5,5 Millionen Kilowattstunden erzeugt. Lebhaft wurde \u00fcber Pro und Kontra dieser Energieform diskutiert.<\/p>\n<p>Die Windr\u00e4der sind seit September 2016 am Netz und erzeugen CO2-neutralen Strom f\u00fcr 12.000 Haushalte. Heutiger Betreiber sind die Stadtwerke Ingolstadt. Der Windpark leistet somit seinen Beitrag dazu, das Ziel der Bundesregierung den Anteil regenerativer Energien bis zum Jahr 2050 auf einen Anteil von 80% zu steigern, zu erf\u00fcllen.<\/p>\n<p><a href=\"http:\/\/fwv-kulmbach.de\/wp-content\/uploads\/2017\/08\/2017_Windr\u00e4der_2_klein.jpg\"><img loading=\"lazy\" decoding=\"async\" class=\"alignnone size-medium wp-image-464\" src=\"http:\/\/fwv-kulmbach.de\/wp-content\/uploads\/2017\/08\/2017_Windr\u00e4der_2_klein-300x101.jpg\" alt=\"\" width=\"300\" height=\"101\" srcset=\"https:\/\/www.fwv-kulmbach.de\/wp-content\/uploads\/2017\/08\/2017_Windr\u00e4der_2_klein-300x101.jpg 300w, https:\/\/www.fwv-kulmbach.de\/wp-content\/uploads\/2017\/08\/2017_Windr\u00e4der_2_klein-768x259.jpg 768w, https:\/\/www.fwv-kulmbach.de\/wp-content\/uploads\/2017\/08\/2017_Windr\u00e4der_2_klein-1024x345.jpg 1024w, https:\/\/www.fwv-kulmbach.de\/wp-content\/uploads\/2017\/08\/2017_Windr\u00e4der_2_klein.jpg 1075w\" sizes=\"auto, (max-width: 300px) 100vw, 300px\" \/><\/a><\/p>\n<p>W\u00e4hrend Kohlekraftwerke einen Kohlendioxidaussto\u00df von 750 bis 1200 Gramm pro Kilowattstunde verursachen, ist die Zahl von maximal 40 Gramm pro Kilowattstunde bei den regenerativen Erzeugungsformen Wind- und Wasserkraft erheblich klimafreundlicher. Und w\u00e4hrend die Atomkraft bis heute nicht wei\u00df, wie und wo der viele Millionen Jahre strahlende und gef\u00e4hrliche M\u00fcll gelagert werden soll, k\u00f6nnen bei diesen Windkraftanalegen 80% der Materialien recycelt werden. Zudem werden ab dem ersten Betriebsjahr R\u00fcckstellungen f\u00fcr den R\u00fcckbau der Windr\u00e4der gebildet. Interessant ist auch, dass ein Photovoltaik-Feld mit \u00e4hnlicher Leistung eine Fl\u00e4che von 50 Hektar ben\u00f6tigen w\u00fcrde.<\/p>\n<p>Bei einer gem\u00fctlichen Einkehr im Gasthaus Grampp in Oberdornlach dankte Vorstand Hans Werther dem Wanderf\u00fchrer Klaus Knorr und Herbert Janka.<\/p>\n<p><a href=\"http:\/\/fwv-kulmbach.de\/wp-content\/uploads\/2017\/08\/2017_Windr\u00e4der_1.jpg\"><img loading=\"lazy\" decoding=\"async\" class=\"alignnone size-medium wp-image-463\" src=\"http:\/\/fwv-kulmbach.de\/wp-content\/uploads\/2017\/08\/2017_Windr\u00e4der_1-300x169.jpg\" alt=\"\" width=\"300\" height=\"169\" srcset=\"https:\/\/www.fwv-kulmbach.de\/wp-content\/uploads\/2017\/08\/2017_Windr\u00e4der_1-300x169.jpg 300w, https:\/\/www.fwv-kulmbach.de\/wp-content\/uploads\/2017\/08\/2017_Windr\u00e4der_1-768x432.jpg 768w, https:\/\/www.fwv-kulmbach.de\/wp-content\/uploads\/2017\/08\/2017_Windr\u00e4der_1-1024x576.jpg 1024w, https:\/\/www.fwv-kulmbach.de\/wp-content\/uploads\/2017\/08\/2017_Windr\u00e4der_1.jpg 1352w\" sizes=\"auto, (max-width: 300px) 100vw, 300px\" \/><\/a><\/p>\n","protected":false},"excerpt":{"rendered":"<p>Bei der gut besuchten Augustwanderung des Frankenwaldvereins Kulmbach von Schimmendorf nach Oberdornlach konnten die Wanderer nicht nur die herrliche Sommerlandschaft und Aussicht zum G\u00f6rauer Anger, Richtung Frankenwald und Fichtelgebirge genie\u00dfen. Sie besch\u00e4ftigten sich auch mit einem aktuellen politischen Thema: Die &hellip; <a href=\"https:\/\/www.fwv-kulmbach.de\/?p=462\">Weiterlesen <span class=\"meta-nav\">&rarr;<\/span><\/a><\/p>\n","protected":false},"author":1,"featured_media":0,"comment_status":"closed","ping_status":"closed","sticky":false,"template":"","format":"standard","meta":{"footnotes":""},"categories":[13,2],"tags":[],"class_list":["post-462","post","type-post","status-publish","format-standard","hentry","category-bericht","category-og-kulmbach"],"_links":{"self":[{"href":"https:\/\/www.fwv-kulmbach.de\/index.php?rest_route=\/wp\/v2\/posts\/462","targetHints":{"allow":["GET"]}}],"collection":[{"href":"https:\/\/www.fwv-kulmbach.de\/index.php?rest_route=\/wp\/v2\/posts"}],"about":[{"href":"https:\/\/www.fwv-kulmbach.de\/index.php?rest_route=\/wp\/v2\/types\/post"}],"author":[{"embeddable":true,"href":"https:\/\/www.fwv-kulmbach.de\/index.php?rest_route=\/wp\/v2\/users\/1"}],"replies":[{"embeddable":true,"href":"https:\/\/www.fwv-kulmbach.de\/index.php?rest_route=%2Fwp%2Fv2%2Fcomments&post=462"}],"version-history":[{"count":1,"href":"https:\/\/www.fwv-kulmbach.de\/index.php?rest_route=\/wp\/v2\/posts\/462\/revisions"}],"predecessor-version":[{"id":465,"href":"https:\/\/www.fwv-kulmbach.de\/index.php?rest_route=\/wp\/v2\/posts\/462\/revisions\/465"}],"wp:attachment":[{"href":"https:\/\/www.fwv-kulmbach.de\/index.php?rest_route=%2Fwp%2Fv2%2Fmedia&parent=462"}],"wp:term":[{"taxonomy":"category","embeddable":true,"href":"https:\/\/www.fwv-kulmbach.de\/index.php?rest_route=%2Fwp%2Fv2%2Fcategories&post=462"},{"taxonomy":"post_tag","embeddable":true,"href":"https:\/\/www.fwv-kulmbach.de\/index.php?rest_route=%2Fwp%2Fv2%2Ftags&post=462"}],"curies":[{"name":"wp","href":"https:\/\/api.w.org\/{rel}","templated":true}]}}