{"id":460,"date":"2017-08-27T13:04:54","date_gmt":"2017-08-27T11:04:54","guid":{"rendered":"http:\/\/fwv-kulmbach.de\/?p=460"},"modified":"2017-08-27T13:04:54","modified_gmt":"2017-08-27T11:04:54","slug":"einladung-zur-busfahrt-nach-lehesten-am-sonntag-den-03-september-2017","status":"publish","type":"post","link":"https:\/\/www.fwv-kulmbach.de\/?p=460","title":{"rendered":"Einladung zur Busfahrt nach Lehesten am Sonntag, den 03. September 2017"},"content":{"rendered":"<p>Einladung zur Busfahrt nach Lehesten am Sonntag den 03. September 2017.<br \/>\nAblauf: Kurzbesichtigung des Ziergarten Steinbach a. d. Haide. Wanderung \u00fcber den Schieferpfad zum fr\u00fcheren Grenzbach, mit Infos.<br \/>\nDanach weiter nach Laura bei Schmiedebach mit Besuch der &#8222;Ged\u00e4chtnisst\u00e4tte&#8220;.<br \/>\nAbschlie\u00dfend geht es zur Endeinkehr nach Lehesten in den Gasthof &#8222;Gl\u00fcck-Auf&#8220;.<br \/>\nTeilwanderung ca. 6 Km m\u00f6glich.<br \/>\nGesamtwanderung max. 10 Km.<\/p>\n<p>G\u00e4ste herzlich willkommen!<\/p>\n<p><span style=\"color: #000000;\"><span style=\"font-family: Arial;\"><span style=\"font-size: large;\"><b>Busabfahrtzeiten: <\/b><\/span><\/span><\/span><\/p>\n<p><span style=\"font-family: Arial,sans-serif;\"><span style=\"font-size: large;\">07.06 Uhr B 303 Neuenmarkt \u2013 Haltestelle Tankstelle<\/span><\/span><\/p>\n<p><span style=\"font-family: Arial,sans-serif;\"><span style=\"font-size: large;\">07.16 Uhr Untersteinach<\/span><\/span><\/p>\n<p><span style=\"font-family: Arial,sans-serif;\"><span style=\"font-size: large;\">07.20 Uhr Kauerndorf<\/span><\/span><\/p>\n<p><span style=\"font-family: Arial,sans-serif;\"><span style=\"font-size: large;\">07.24 Uhr Kauernburg<\/span><\/span><\/p>\n<p><span style=\"font-family: Arial,sans-serif;\"><span style=\"font-size: large;\">07.28 Uhr Blaich<\/span><\/span><\/p>\n<p><span style=\"font-family: Arial,sans-serif;\"><span style=\"font-size: large;\">07.32 Uhr P\u00f6rbitsch<\/span><\/span><\/p>\n<p><span style=\"font-family: Arial,sans-serif;\"><span style=\"font-size: large;\">07.36 Uhr Schw. Hof<\/span><\/span><\/p>\n<p><span style=\"font-family: Arial,sans-serif;\"><span style=\"font-size: large;\">07.40 Uhr Priemershof<\/span><\/span><\/p>\n<p><span style=\"font-family: Arial,sans-serif;\"><span style=\"font-size: large;\">07.44 Uhr Busbahnhof<\/span><\/span><\/p>\n<p><span style=\"font-family: Arial;\"><span style=\"font-size: large;\">07.48 Uhr Farb. Geyer<\/span><\/span><\/p>\n<p align=\"left\"><span style=\"font-family: Arial,sans-serif;\"><span style=\"font-size: large;\">07.52 Uhr Papier Albrecht<\/span><\/span><\/p>\n<p align=\"left\"><span style=\"font-family: Arial,sans-serif;\"><span style=\"font-size: large;\">08.00 Uhr Dobrachtal<\/span><\/span><\/p>\n<p><span style=\"font-family: Times New Roman,serif;\"><span style=\"font-size: large;\"><b>Anmeldung<\/b><\/span><\/span> <span style=\"font-family: Times New Roman,serif;\"><span style=\"font-size: large;\"><b>u<\/b><\/span><\/span><span style=\"font-family: Times New Roman,serif;\"><span style=\"font-size: large;\"><b>nter Tel.<\/b><\/span><\/span> <span style=\"font-family: Times New Roman,serif;\"><span style=\"font-size: large;\">09229-9999002 H. Janka<\/span><\/span> <span style=\"font-family: Times New Roman,serif;\"><span style=\"font-size: large;\">und 09221-2009 Hans Werther<\/span><\/span><\/p>\n","protected":false},"excerpt":{"rendered":"<p>Einladung zur Busfahrt nach Lehesten am Sonntag den 03. September 2017. Ablauf: Kurzbesichtigung des Ziergarten Steinbach a. d. Haide. Wanderung \u00fcber den Schieferpfad zum fr\u00fcheren Grenzbach, mit Infos. Danach weiter nach Laura bei Schmiedebach mit Besuch der &#8222;Ged\u00e4chtnisst\u00e4tte&#8220;. Abschlie\u00dfend geht &hellip; <a href=\"https:\/\/www.fwv-kulmbach.de\/?p=460\">Weiterlesen <span class=\"meta-nav\">&rarr;<\/span><\/a><\/p>\n","protected":false},"author":1,"featured_media":0,"comment_status":"closed","ping_status":"closed","sticky":false,"template":"","format":"standard","meta":{"footnotes":""},"categories":[2,12],"tags":[],"class_list":["post-460","post","type-post","status-publish","format-standard","hentry","category-og-kulmbach","category-termin"],"_links":{"self":[{"href":"https:\/\/www.fwv-kulmbach.de\/index.php?rest_route=\/wp\/v2\/posts\/460","targetHints":{"allow":["GET"]}}],"collection":[{"href":"https:\/\/www.fwv-kulmbach.de\/index.php?rest_route=\/wp\/v2\/posts"}],"about":[{"href":"https:\/\/www.fwv-kulmbach.de\/index.php?rest_route=\/wp\/v2\/types\/post"}],"author":[{"embeddable":true,"href":"https:\/\/www.fwv-kulmbach.de\/index.php?rest_route=\/wp\/v2\/users\/1"}],"replies":[{"embeddable":true,"href":"https:\/\/www.fwv-kulmbach.de\/index.php?rest_route=%2Fwp%2Fv2%2Fcomments&post=460"}],"version-history":[{"count":1,"href":"https:\/\/www.fwv-kulmbach.de\/index.php?rest_route=\/wp\/v2\/posts\/460\/revisions"}],"predecessor-version":[{"id":461,"href":"https:\/\/www.fwv-kulmbach.de\/index.php?rest_route=\/wp\/v2\/posts\/460\/revisions\/461"}],"wp:attachment":[{"href":"https:\/\/www.fwv-kulmbach.de\/index.php?rest_route=%2Fwp%2Fv2%2Fmedia&parent=460"}],"wp:term":[{"taxonomy":"category","embeddable":true,"href":"https:\/\/www.fwv-kulmbach.de\/index.php?rest_route=%2Fwp%2Fv2%2Fcategories&post=460"},{"taxonomy":"post_tag","embeddable":true,"href":"https:\/\/www.fwv-kulmbach.de\/index.php?rest_route=%2Fwp%2Fv2%2Ftags&post=460"}],"curies":[{"name":"wp","href":"https:\/\/api.w.org\/{rel}","templated":true}]}}