{"id":455,"date":"2017-08-27T13:05:57","date_gmt":"2017-08-27T11:05:57","guid":{"rendered":"http:\/\/fwv-kulmbach.de\/?p=455"},"modified":"2017-09-23T12:52:26","modified_gmt":"2017-09-23T10:52:26","slug":"einladung-zur-weinwanderung-am-3-oktober-2017","status":"publish","type":"post","link":"https:\/\/www.fwv-kulmbach.de\/?p=455","title":{"rendered":"Einladung zur Weinwanderung am 3. Oktober 2017"},"content":{"rendered":"<p>Die Ortsgruppe Kulmbach f\u00e4hrt am Tag der Deutschen Einheit mit dem Bus ins Weingebiet bei Zeil am Main. Die Wanderung beginnt in Ebelsbach und f\u00fchrt \u00fcber Gleisenau nach Steinbach. Von dort geht es auf dem Abt-Degen-Steig nach Ziegelansger, einem Ortsteil von Zeil. F\u00fcr Wanderer, die Schwei\u00df und Anstrengung nicht scheuen, erklimmen wir \u00fcber die Eselssteige noch den Ausblick vom Zeiler K\u00e4ppele (Gesamtstrecke 11\u00a0km).<\/p>\n<p>F\u00fcr die gem\u00fctliche Fraktion gibt es Teilwanderungen (6,5 oder 8,5\u00a0km). Von Ziegelanger zum K\u00e4ppele f\u00e4hrt der Bus.<\/p>\n<p>Die Einkehr ist um ca. 16:00 Uhr im Restaurant Weingut Berninger in Ziegelanger geplant.<\/p>\n<p><strong><u>Abfahrtszeiten:<\/u><\/strong><\/p>\n<p>9:00 Uhr B 303 Neuenmarkt \u2013 Haltestelle Tankstelle<\/p>\n<p>9:10 Uhr Untersteinach<\/p>\n<p>9:15 Uhr Kauerndorf<\/p>\n<p>9:20 Uhr Kauernburg<\/p>\n<p>9:24 Uhr Blaich<\/p>\n<p>9:28 Uhr P\u00f6rbitsch<\/p>\n<p>9:33 Uhr Schweizer Hof<\/p>\n<p>9:38 Uhr Priemershof<\/p>\n<p>9:43 Uhr Busbahnhof<\/p>\n<p>9:48 Uhr Farben Geyer<\/p>\n<p>9:53 Uhr Papier Albrecht<\/p>\n<p><strong>G\u00e4ste sind wie immer herzlich willkommen!<\/strong><\/p>\n<p><strong>Anmeldung unter Tel. 09229-9999002 H. Janka und 09221-2009 H. Werther<\/strong><\/p>\n<p>&nbsp;<\/p>\n","protected":false},"excerpt":{"rendered":"<p>Die Ortsgruppe Kulmbach f\u00e4hrt am Tag der Deutschen Einheit mit dem Bus ins Weingebiet bei Zeil am Main. Die Wanderung beginnt in Ebelsbach und f\u00fchrt \u00fcber Gleisenau nach Steinbach. Von dort geht es auf dem Abt-Degen-Steig nach Ziegelansger, einem Ortsteil &hellip; <a href=\"https:\/\/www.fwv-kulmbach.de\/?p=455\">Weiterlesen <span class=\"meta-nav\">&rarr;<\/span><\/a><\/p>\n","protected":false},"author":1,"featured_media":0,"comment_status":"closed","ping_status":"closed","sticky":false,"template":"","format":"standard","meta":{"footnotes":""},"categories":[2,12],"tags":[],"class_list":["post-455","post","type-post","status-publish","format-standard","hentry","category-og-kulmbach","category-termin"],"_links":{"self":[{"href":"https:\/\/www.fwv-kulmbach.de\/index.php?rest_route=\/wp\/v2\/posts\/455","targetHints":{"allow":["GET"]}}],"collection":[{"href":"https:\/\/www.fwv-kulmbach.de\/index.php?rest_route=\/wp\/v2\/posts"}],"about":[{"href":"https:\/\/www.fwv-kulmbach.de\/index.php?rest_route=\/wp\/v2\/types\/post"}],"author":[{"embeddable":true,"href":"https:\/\/www.fwv-kulmbach.de\/index.php?rest_route=\/wp\/v2\/users\/1"}],"replies":[{"embeddable":true,"href":"https:\/\/www.fwv-kulmbach.de\/index.php?rest_route=%2Fwp%2Fv2%2Fcomments&post=455"}],"version-history":[{"count":4,"href":"https:\/\/www.fwv-kulmbach.de\/index.php?rest_route=\/wp\/v2\/posts\/455\/revisions"}],"predecessor-version":[{"id":468,"href":"https:\/\/www.fwv-kulmbach.de\/index.php?rest_route=\/wp\/v2\/posts\/455\/revisions\/468"}],"wp:attachment":[{"href":"https:\/\/www.fwv-kulmbach.de\/index.php?rest_route=%2Fwp%2Fv2%2Fmedia&parent=455"}],"wp:term":[{"taxonomy":"category","embeddable":true,"href":"https:\/\/www.fwv-kulmbach.de\/index.php?rest_route=%2Fwp%2Fv2%2Fcategories&post=455"},{"taxonomy":"post_tag","embeddable":true,"href":"https:\/\/www.fwv-kulmbach.de\/index.php?rest_route=%2Fwp%2Fv2%2Ftags&post=455"}],"curies":[{"name":"wp","href":"https:\/\/api.w.org\/{rel}","templated":true}]}}