{"id":437,"date":"2017-06-25T13:24:54","date_gmt":"2017-06-25T11:24:54","guid":{"rendered":"http:\/\/fwv-kulmbach.de\/?p=437"},"modified":"2017-06-25T13:24:54","modified_gmt":"2017-06-25T11:24:54","slug":"staedtepartnerschaft-saalfeld-kulmbach-vertieft","status":"publish","type":"post","link":"https:\/\/www.fwv-kulmbach.de\/?p=437","title":{"rendered":"St\u00e4dtepartnerschaft Saalfeld-Kulmbach vertieft"},"content":{"rendered":"<p>Die Kulmbacher Ortsgruppen des Frankenwaldvereins und des Fichtelgebirgsvereins statteten am 18. Juni den Wanderfreunden aus Saalfeld einen Gegenbesuch ab. Begr\u00fc\u00dft vom Saalfelder Vorsitzenden Eckerhard Haberland starteten die Kulmbacher und Saalfelder Wanderfreunde an den Feengrotten zu einer tollen Wanderung rund um Saalfeld. Er \u00fcberbrachte die Gr\u00fc\u00dfe des Saalfelder B\u00fcrgermeisters Matthias Graul und des Landrats Marko Wolfram, die eine Getr\u00e4nkepause auf halber Strecke spendierten.<\/p>\n<p>Bei herrlichem Fr\u00fchsommerwetter beeindruckte uns die Landschaft rund um Saalfeld und die vielf\u00e4ltige Geologie. Ein Highlight war das denkmalgesch\u00fctzte Bauensemble Park und Villa Bergfried auf einer Anh\u00f6he im S\u00fcden der Stadt Saalfeld. Der Schokoladenfabrikant Dr. Ernst H\u00fcther lie\u00df es zwischen 1922 und 1924 erbauen und der Bergfried-Park ist f\u00fcr viele Saalfelder B\u00fcrger ein Naherholungsziel und f\u00fcr G\u00e4ste wie uns ein echter Geheimtipp.<\/p>\n<p>Bei der gemeinsamen Einkehr am Saalfelder Marktplatz wurde f\u00fcr 2018 der Besuch der Saalfelder Wanderfreunde in Kulmbach vereinbart.<\/p>\n<p><a href=\"http:\/\/fwv-kulmbach.de\/wp-content\/uploads\/2017\/06\/Saalfeld_1.jpg\"><img loading=\"lazy\" decoding=\"async\" class=\"alignnone size-medium wp-image-438\" src=\"http:\/\/fwv-kulmbach.de\/wp-content\/uploads\/2017\/06\/Saalfeld_1-300x225.jpg\" alt=\"\" width=\"300\" height=\"225\" srcset=\"https:\/\/www.fwv-kulmbach.de\/wp-content\/uploads\/2017\/06\/Saalfeld_1-300x225.jpg 300w, https:\/\/www.fwv-kulmbach.de\/wp-content\/uploads\/2017\/06\/Saalfeld_1-768x576.jpg 768w, https:\/\/www.fwv-kulmbach.de\/wp-content\/uploads\/2017\/06\/Saalfeld_1.jpg 1024w\" sizes=\"auto, (max-width: 300px) 100vw, 300px\" \/><\/a><\/p>\n<p>Vorsitzender Eckerhard Haberland aus Saalfeld begr\u00fc\u00dft zusammen mit einer Fee aus der Feengrotte die Kulmbacher Wandergruppe. Rechts daneben der Vorsitzende des Kulmbacher Frankenwaldvereins Hans Werther.<\/p>\n<p><a href=\"http:\/\/fwv-kulmbach.de\/wp-content\/uploads\/2017\/06\/Saalfeld_2.jpg\"><img loading=\"lazy\" decoding=\"async\" class=\"alignnone size-medium wp-image-439\" src=\"http:\/\/fwv-kulmbach.de\/wp-content\/uploads\/2017\/06\/Saalfeld_2-300x225.jpg\" alt=\"\" width=\"300\" height=\"225\" srcset=\"https:\/\/www.fwv-kulmbach.de\/wp-content\/uploads\/2017\/06\/Saalfeld_2-300x225.jpg 300w, https:\/\/www.fwv-kulmbach.de\/wp-content\/uploads\/2017\/06\/Saalfeld_2-768x576.jpg 768w, https:\/\/www.fwv-kulmbach.de\/wp-content\/uploads\/2017\/06\/Saalfeld_2.jpg 1024w\" sizes=\"auto, (max-width: 300px) 100vw, 300px\" \/><\/a><\/p>\n<p>Die &#8222;Teilwanderer&#8220; an der Feengrotte.<\/p>\n","protected":false},"excerpt":{"rendered":"<p>Die Kulmbacher Ortsgruppen des Frankenwaldvereins und des Fichtelgebirgsvereins statteten am 18. Juni den Wanderfreunden aus Saalfeld einen Gegenbesuch ab. Begr\u00fc\u00dft vom Saalfelder Vorsitzenden Eckerhard Haberland starteten die Kulmbacher und Saalfelder Wanderfreunde an den Feengrotten zu einer tollen Wanderung rund um &hellip; <a href=\"https:\/\/www.fwv-kulmbach.de\/?p=437\">Weiterlesen <span class=\"meta-nav\">&rarr;<\/span><\/a><\/p>\n","protected":false},"author":1,"featured_media":0,"comment_status":"closed","ping_status":"closed","sticky":false,"template":"","format":"gallery","meta":{"footnotes":""},"categories":[13,2],"tags":[],"class_list":["post-437","post","type-post","status-publish","format-gallery","hentry","category-bericht","category-og-kulmbach","post_format-post-format-gallery"],"_links":{"self":[{"href":"https:\/\/www.fwv-kulmbach.de\/index.php?rest_route=\/wp\/v2\/posts\/437","targetHints":{"allow":["GET"]}}],"collection":[{"href":"https:\/\/www.fwv-kulmbach.de\/index.php?rest_route=\/wp\/v2\/posts"}],"about":[{"href":"https:\/\/www.fwv-kulmbach.de\/index.php?rest_route=\/wp\/v2\/types\/post"}],"author":[{"embeddable":true,"href":"https:\/\/www.fwv-kulmbach.de\/index.php?rest_route=\/wp\/v2\/users\/1"}],"replies":[{"embeddable":true,"href":"https:\/\/www.fwv-kulmbach.de\/index.php?rest_route=%2Fwp%2Fv2%2Fcomments&post=437"}],"version-history":[{"count":1,"href":"https:\/\/www.fwv-kulmbach.de\/index.php?rest_route=\/wp\/v2\/posts\/437\/revisions"}],"predecessor-version":[{"id":440,"href":"https:\/\/www.fwv-kulmbach.de\/index.php?rest_route=\/wp\/v2\/posts\/437\/revisions\/440"}],"wp:attachment":[{"href":"https:\/\/www.fwv-kulmbach.de\/index.php?rest_route=%2Fwp%2Fv2%2Fmedia&parent=437"}],"wp:term":[{"taxonomy":"category","embeddable":true,"href":"https:\/\/www.fwv-kulmbach.de\/index.php?rest_route=%2Fwp%2Fv2%2Fcategories&post=437"},{"taxonomy":"post_tag","embeddable":true,"href":"https:\/\/www.fwv-kulmbach.de\/index.php?rest_route=%2Fwp%2Fv2%2Ftags&post=437"}],"curies":[{"name":"wp","href":"https:\/\/api.w.org\/{rel}","templated":true}]}}