{"id":428,"date":"2017-06-13T20:29:47","date_gmt":"2017-06-13T18:29:47","guid":{"rendered":"http:\/\/fwv-kulmbach.de\/?p=428"},"modified":"2017-06-13T20:29:47","modified_gmt":"2017-06-13T18:29:47","slug":"gelungene-wanderwoche-in-altenmarkt-zauchensee","status":"publish","type":"post","link":"https:\/\/www.fwv-kulmbach.de\/?p=428","title":{"rendered":"Gelungene Wanderwoche in Altenmarkt-Zauchensee"},"content":{"rendered":"<p>Die 5-Tages-Fahrt nach Altenmarkt-Zauchensee im s\u00fcdlichen Salzburger Land war sicherlich der H\u00f6hepunkt f\u00fcr das Jahr 2017 f\u00fcr unsere Kulmbacher Ortsgruppe. Schon bei der Anfahrt machten wir nach einer st\u00e4rkenden Brotzeit eine interessante Kurzwanderung am Gro\u00dfen Pfahl bei Viechtach und bestaunten diese geologische Besonderheit des Bayerischen Waldes. Am n\u00e4chsten Tag besuchten wir die Burg Hohenwerfen und bewunderten die Flugvorf\u00fchrungen des historischen Landesfalkenhofes. Am Nachmittag ging es schwei\u00dftreibend zur Hochn\u00f6ssleralm mit Kaffeetrinken und abendlicher\u00a0 H\u00fcttengaudi, die unser Wirt Sepp mit seinen Enkeln musikalisch umrahmte. Am Freitag, bei der Dreiseenfahrt genoss die Gruppe bei blendendem Sonnenschein zun\u00e4chst eine Runde um den Gosausee mit Blick auf den dortigen Gletscher. Nach dem Hallst\u00e4dtersee erkundeten wir St. Wolfgang und machten eine Schifffahrt \u00fcber den Wolfgangsee.<\/p>\n<p>Eine Wanderung zum und um den J\u00e4gersee zeigte uns eine idyllische Alpenkulisse. Der Besuch der Liechtensteinklamm zeigte die Urkr\u00e4fte flie\u00dfenden Wassers in einem Hochgebirge. Und genau eine Woche sp\u00e4ter meldeten die Medien einen kleinen Bergsturz mit immerhin 5 Verletzten und 19 eingeschlossenen Besuchern in der Klamm. Im Nachhinein sind wir sehr dankbar, dass unsere Kulmbacher Gruppe wieder gut nach Hause kam. Wetter, Hotel und eine tolle Wandergruppe trugen zu einer gelungenen Wanderfahrt bei.<\/p>\n<p><a href=\"http:\/\/fwv-kulmbach.de\/wp-content\/uploads\/2017\/06\/2017_Altenmarkt_6.jpg\"><img loading=\"lazy\" decoding=\"async\" class=\"alignnone size-medium wp-image-434\" src=\"http:\/\/fwv-kulmbach.de\/wp-content\/uploads\/2017\/06\/2017_Altenmarkt_6-300x169.jpg\" alt=\"\" width=\"300\" height=\"169\" srcset=\"https:\/\/www.fwv-kulmbach.de\/wp-content\/uploads\/2017\/06\/2017_Altenmarkt_6-300x169.jpg 300w, https:\/\/www.fwv-kulmbach.de\/wp-content\/uploads\/2017\/06\/2017_Altenmarkt_6-768x432.jpg 768w, https:\/\/www.fwv-kulmbach.de\/wp-content\/uploads\/2017\/06\/2017_Altenmarkt_6.jpg 1024w\" sizes=\"auto, (max-width: 300px) 100vw, 300px\" \/><\/a><\/p>\n<p>Der Pfahl bei Viechtach<\/p>\n<p><a href=\"http:\/\/fwv-kulmbach.de\/wp-content\/uploads\/2017\/06\/2017_Altenmarkt_4.jpg\"><img loading=\"lazy\" decoding=\"async\" class=\"alignnone size-medium wp-image-432\" src=\"http:\/\/fwv-kulmbach.de\/wp-content\/uploads\/2017\/06\/2017_Altenmarkt_4-300x200.jpg\" alt=\"\" width=\"300\" height=\"200\" srcset=\"https:\/\/www.fwv-kulmbach.de\/wp-content\/uploads\/2017\/06\/2017_Altenmarkt_4-300x200.jpg 300w, https:\/\/www.fwv-kulmbach.de\/wp-content\/uploads\/2017\/06\/2017_Altenmarkt_4.jpg 567w\" sizes=\"auto, (max-width: 300px) 100vw, 300px\" \/><\/a><\/p>\n<p>Burg Hohenwerfen, wer findet den Vogel???<\/p>\n<p><a href=\"http:\/\/fwv-kulmbach.de\/wp-content\/uploads\/2017\/06\/2017_Altenmarkt_5.jpg\"><img loading=\"lazy\" decoding=\"async\" class=\"alignnone size-medium wp-image-433\" src=\"http:\/\/fwv-kulmbach.de\/wp-content\/uploads\/2017\/06\/2017_Altenmarkt_5-300x185.jpg\" alt=\"\" width=\"300\" height=\"185\" srcset=\"https:\/\/www.fwv-kulmbach.de\/wp-content\/uploads\/2017\/06\/2017_Altenmarkt_5-300x185.jpg 300w, https:\/\/www.fwv-kulmbach.de\/wp-content\/uploads\/2017\/06\/2017_Altenmarkt_5.jpg 567w\" sizes=\"auto, (max-width: 300px) 100vw, 300px\" \/><\/a><\/p>\n<p>Grillen auf der Hochn\u00f6ssleralm<\/p>\n<p><a href=\"http:\/\/fwv-kulmbach.de\/wp-content\/uploads\/2017\/06\/2017_Altenmarkt_2.jpg\"><img loading=\"lazy\" decoding=\"async\" class=\"alignnone size-medium wp-image-430\" src=\"http:\/\/fwv-kulmbach.de\/wp-content\/uploads\/2017\/06\/2017_Altenmarkt_2-300x225.jpg\" alt=\"\" width=\"300\" height=\"225\" srcset=\"https:\/\/www.fwv-kulmbach.de\/wp-content\/uploads\/2017\/06\/2017_Altenmarkt_2-300x225.jpg 300w, https:\/\/www.fwv-kulmbach.de\/wp-content\/uploads\/2017\/06\/2017_Altenmarkt_2-768x576.jpg 768w, https:\/\/www.fwv-kulmbach.de\/wp-content\/uploads\/2017\/06\/2017_Altenmarkt_2.jpg 1024w\" sizes=\"auto, (max-width: 300px) 100vw, 300px\" \/><\/a><\/p>\n<p>Gosausee<\/p>\n<p><a href=\"http:\/\/fwv-kulmbach.de\/wp-content\/uploads\/2017\/06\/2017_Altenmarkt_3.jpg\"><img loading=\"lazy\" decoding=\"async\" class=\"alignnone size-medium wp-image-431\" src=\"http:\/\/fwv-kulmbach.de\/wp-content\/uploads\/2017\/06\/2017_Altenmarkt_3-300x225.jpg\" alt=\"\" width=\"300\" height=\"225\" srcset=\"https:\/\/www.fwv-kulmbach.de\/wp-content\/uploads\/2017\/06\/2017_Altenmarkt_3-300x225.jpg 300w, https:\/\/www.fwv-kulmbach.de\/wp-content\/uploads\/2017\/06\/2017_Altenmarkt_3-768x576.jpg 768w, https:\/\/www.fwv-kulmbach.de\/wp-content\/uploads\/2017\/06\/2017_Altenmarkt_3.jpg 1024w\" sizes=\"auto, (max-width: 300px) 100vw, 300px\" \/><\/a><\/p>\n<p>Liechtensteinklamm<\/p>\n<p><a href=\"http:\/\/fwv-kulmbach.de\/wp-content\/uploads\/2017\/06\/2017_Altenmarkt_1.jpg\"><img loading=\"lazy\" decoding=\"async\" class=\"alignnone size-medium wp-image-429\" src=\"http:\/\/fwv-kulmbach.de\/wp-content\/uploads\/2017\/06\/2017_Altenmarkt_1-300x225.jpg\" alt=\"\" width=\"300\" height=\"225\" srcset=\"https:\/\/www.fwv-kulmbach.de\/wp-content\/uploads\/2017\/06\/2017_Altenmarkt_1-300x225.jpg 300w, https:\/\/www.fwv-kulmbach.de\/wp-content\/uploads\/2017\/06\/2017_Altenmarkt_1-768x576.jpg 768w, https:\/\/www.fwv-kulmbach.de\/wp-content\/uploads\/2017\/06\/2017_Altenmarkt_1.jpg 1024w\" sizes=\"auto, (max-width: 300px) 100vw, 300px\" \/><\/a><\/p>\n<p>Unser Wirt Sepp verabschiedet uns aus dem Verw\u00f6hnhotel<\/p>\n","protected":false},"excerpt":{"rendered":"<p>Die 5-Tages-Fahrt nach Altenmarkt-Zauchensee im s\u00fcdlichen Salzburger Land war sicherlich der H\u00f6hepunkt f\u00fcr das Jahr 2017 f\u00fcr unsere Kulmbacher Ortsgruppe. Schon bei der Anfahrt machten wir nach einer st\u00e4rkenden Brotzeit eine interessante Kurzwanderung am Gro\u00dfen Pfahl bei Viechtach und bestaunten &hellip; <a href=\"https:\/\/www.fwv-kulmbach.de\/?p=428\">Weiterlesen <span class=\"meta-nav\">&rarr;<\/span><\/a><\/p>\n","protected":false},"author":1,"featured_media":0,"comment_status":"closed","ping_status":"closed","sticky":false,"template":"","format":"gallery","meta":{"footnotes":""},"categories":[13,2],"tags":[],"class_list":["post-428","post","type-post","status-publish","format-gallery","hentry","category-bericht","category-og-kulmbach","post_format-post-format-gallery"],"_links":{"self":[{"href":"https:\/\/www.fwv-kulmbach.de\/index.php?rest_route=\/wp\/v2\/posts\/428","targetHints":{"allow":["GET"]}}],"collection":[{"href":"https:\/\/www.fwv-kulmbach.de\/index.php?rest_route=\/wp\/v2\/posts"}],"about":[{"href":"https:\/\/www.fwv-kulmbach.de\/index.php?rest_route=\/wp\/v2\/types\/post"}],"author":[{"embeddable":true,"href":"https:\/\/www.fwv-kulmbach.de\/index.php?rest_route=\/wp\/v2\/users\/1"}],"replies":[{"embeddable":true,"href":"https:\/\/www.fwv-kulmbach.de\/index.php?rest_route=%2Fwp%2Fv2%2Fcomments&post=428"}],"version-history":[{"count":1,"href":"https:\/\/www.fwv-kulmbach.de\/index.php?rest_route=\/wp\/v2\/posts\/428\/revisions"}],"predecessor-version":[{"id":435,"href":"https:\/\/www.fwv-kulmbach.de\/index.php?rest_route=\/wp\/v2\/posts\/428\/revisions\/435"}],"wp:attachment":[{"href":"https:\/\/www.fwv-kulmbach.de\/index.php?rest_route=%2Fwp%2Fv2%2Fmedia&parent=428"}],"wp:term":[{"taxonomy":"category","embeddable":true,"href":"https:\/\/www.fwv-kulmbach.de\/index.php?rest_route=%2Fwp%2Fv2%2Fcategories&post=428"},{"taxonomy":"post_tag","embeddable":true,"href":"https:\/\/www.fwv-kulmbach.de\/index.php?rest_route=%2Fwp%2Fv2%2Ftags&post=428"}],"curies":[{"name":"wp","href":"https:\/\/api.w.org\/{rel}","templated":true}]}}