{"id":338,"date":"2016-10-16T16:20:03","date_gmt":"2016-10-16T14:20:03","guid":{"rendered":"http:\/\/fwv-kulmbach.de\/?p=338"},"modified":"2016-10-16T16:20:03","modified_gmt":"2016-10-16T14:20:03","slug":"weinwanderung-2016","status":"publish","type":"post","link":"https:\/\/www.fwv-kulmbach.de\/?p=338","title":{"rendered":"Weinwanderung 2016"},"content":{"rendered":"<p>Mit einer rekordverd\u00e4chtigen Zahl von 57 Wanderern fuhren wir bei der diesj\u00e4hrigen Weinwanderung ins Gebiet von Castell. Die Wanderung begann auf dem Friedrichsberg oberhalb von Abtswind bei einem kleinen Jagdschloss. Entlang der Steigerwaldkante ging es Richtung Castell, wo wir das kleine Weinbaumuseum und die Kirche besuchten.<\/p>\n<p>Wanderf\u00fchrer Hermann Hamacher f\u00fchrte uns dann durch die Weinberge nach Wiesenbronn, wo es bei einer Weinprobe beim Weingut Fr\u00f6hlich sprichw\u00f6rtliche \u201efr\u00f6hlich\u201c wurde.<\/p>\n<p><a href=\"http:\/\/fwv-kulmbach.de\/wp-content\/uploads\/2016\/10\/2016_Weinwanderung_1.jpg\"><img loading=\"lazy\" decoding=\"async\" class=\"alignnone size-medium wp-image-339\" src=\"http:\/\/fwv-kulmbach.de\/wp-content\/uploads\/2016\/10\/2016_Weinwanderung_1-300x225.jpg\" alt=\"2016_weinwanderung_1\" width=\"300\" height=\"225\" srcset=\"https:\/\/www.fwv-kulmbach.de\/wp-content\/uploads\/2016\/10\/2016_Weinwanderung_1-300x225.jpg 300w, https:\/\/www.fwv-kulmbach.de\/wp-content\/uploads\/2016\/10\/2016_Weinwanderung_1-768x576.jpg 768w, https:\/\/www.fwv-kulmbach.de\/wp-content\/uploads\/2016\/10\/2016_Weinwanderung_1.jpg 1024w\" sizes=\"auto, (max-width: 300px) 100vw, 300px\" \/><\/a> <a href=\"http:\/\/fwv-kulmbach.de\/wp-content\/uploads\/2016\/10\/2016_Weinwanderung_2.jpg\"><img loading=\"lazy\" decoding=\"async\" class=\"alignnone size-medium wp-image-340\" src=\"http:\/\/fwv-kulmbach.de\/wp-content\/uploads\/2016\/10\/2016_Weinwanderung_2-300x225.jpg\" alt=\"2016_weinwanderung_2\" width=\"300\" height=\"225\" srcset=\"https:\/\/www.fwv-kulmbach.de\/wp-content\/uploads\/2016\/10\/2016_Weinwanderung_2-300x225.jpg 300w, https:\/\/www.fwv-kulmbach.de\/wp-content\/uploads\/2016\/10\/2016_Weinwanderung_2-768x576.jpg 768w, https:\/\/www.fwv-kulmbach.de\/wp-content\/uploads\/2016\/10\/2016_Weinwanderung_2.jpg 1024w\" sizes=\"auto, (max-width: 300px) 100vw, 300px\" \/><\/a><\/p>\n","protected":false},"excerpt":{"rendered":"<p>Mit einer rekordverd\u00e4chtigen Zahl von 57 Wanderern fuhren wir bei der diesj\u00e4hrigen Weinwanderung ins Gebiet von Castell. Die Wanderung begann auf dem Friedrichsberg oberhalb von Abtswind bei einem kleinen Jagdschloss. Entlang der Steigerwaldkante ging es Richtung Castell, wo wir das &hellip; <a href=\"https:\/\/www.fwv-kulmbach.de\/?p=338\">Weiterlesen <span class=\"meta-nav\">&rarr;<\/span><\/a><\/p>\n","protected":false},"author":1,"featured_media":0,"comment_status":"closed","ping_status":"closed","sticky":false,"template":"","format":"gallery","meta":{"footnotes":""},"categories":[2],"tags":[],"class_list":["post-338","post","type-post","status-publish","format-gallery","hentry","category-og-kulmbach","post_format-post-format-gallery"],"_links":{"self":[{"href":"https:\/\/www.fwv-kulmbach.de\/index.php?rest_route=\/wp\/v2\/posts\/338","targetHints":{"allow":["GET"]}}],"collection":[{"href":"https:\/\/www.fwv-kulmbach.de\/index.php?rest_route=\/wp\/v2\/posts"}],"about":[{"href":"https:\/\/www.fwv-kulmbach.de\/index.php?rest_route=\/wp\/v2\/types\/post"}],"author":[{"embeddable":true,"href":"https:\/\/www.fwv-kulmbach.de\/index.php?rest_route=\/wp\/v2\/users\/1"}],"replies":[{"embeddable":true,"href":"https:\/\/www.fwv-kulmbach.de\/index.php?rest_route=%2Fwp%2Fv2%2Fcomments&post=338"}],"version-history":[{"count":1,"href":"https:\/\/www.fwv-kulmbach.de\/index.php?rest_route=\/wp\/v2\/posts\/338\/revisions"}],"predecessor-version":[{"id":341,"href":"https:\/\/www.fwv-kulmbach.de\/index.php?rest_route=\/wp\/v2\/posts\/338\/revisions\/341"}],"wp:attachment":[{"href":"https:\/\/www.fwv-kulmbach.de\/index.php?rest_route=%2Fwp%2Fv2%2Fmedia&parent=338"}],"wp:term":[{"taxonomy":"category","embeddable":true,"href":"https:\/\/www.fwv-kulmbach.de\/index.php?rest_route=%2Fwp%2Fv2%2Fcategories&post=338"},{"taxonomy":"post_tag","embeddable":true,"href":"https:\/\/www.fwv-kulmbach.de\/index.php?rest_route=%2Fwp%2Fv2%2Ftags&post=338"}],"curies":[{"name":"wp","href":"https:\/\/api.w.org\/{rel}","templated":true}]}}