{"id":278,"date":"2016-04-17T16:59:09","date_gmt":"2016-04-17T14:59:09","guid":{"rendered":"http:\/\/fwv-kulmbach.de\/?p=278"},"modified":"2016-04-17T16:59:09","modified_gmt":"2016-04-17T14:59:09","slug":"aprilwanderung-bei-bobengruen","status":"publish","type":"post","link":"https:\/\/www.fwv-kulmbach.de\/?p=278","title":{"rendered":"Aprilwanderung bei Bobengr\u00fcn"},"content":{"rendered":"<p>Bei sch\u00f6nem Fr\u00fchlingswetter besuchte die Ortsgruppe Kulmbach bei der Anfahrt zun\u00e4chst den neu errichteten K\u00f6hlerplatz in der Thiemitz, wo 2015 der Hauptverein gro\u00dfe Investitionen vorgenommen hat, um dieses geschichtstr\u00e4chtige Handwerk f\u00fcr Tourismus erlebbar zu machen.<\/p>\n<p>Dann wanderten wir vom Gerlaser Forsthaus auf dem Geotopweg (US 42) richtung Christusgr\u00fcn. Unterwegs bestaunten wir die Abbauwand im Horrwager Steinbruch.<\/p>\n<p>Nach einer Pause in Christusgr\u00fcn ging es vorbei an Thierbach nach Bobengr\u00fcn und von dort auf dem Planetenweg zur\u00fcck nach Gerlas. Eine z\u00fcnftige Endeinkehr erfolgte im Ruppenwirtshaus in Kronach.<\/p>\n<p><a href=\"http:\/\/fwv-kulmbach.de\/wp-content\/uploads\/2016\/04\/2016_Bobengr\u00fcn_1.jpg\" rel=\"attachment wp-att-279\"><img loading=\"lazy\" decoding=\"async\" class=\"alignnone size-medium wp-image-279\" src=\"http:\/\/fwv-kulmbach.de\/wp-content\/uploads\/2016\/04\/2016_Bobengr\u00fcn_1-300x225.jpg\" alt=\"2016_Bobengr\u00fcn_1\" width=\"300\" height=\"225\" srcset=\"https:\/\/www.fwv-kulmbach.de\/wp-content\/uploads\/2016\/04\/2016_Bobengr\u00fcn_1-300x225.jpg 300w, https:\/\/www.fwv-kulmbach.de\/wp-content\/uploads\/2016\/04\/2016_Bobengr\u00fcn_1-768x576.jpg 768w, https:\/\/www.fwv-kulmbach.de\/wp-content\/uploads\/2016\/04\/2016_Bobengr\u00fcn_1.jpg 1024w\" sizes=\"auto, (max-width: 300px) 100vw, 300px\" \/><\/a> <a href=\"http:\/\/fwv-kulmbach.de\/wp-content\/uploads\/2016\/04\/2016_Bobengr\u00fcn_2.jpg\" rel=\"attachment wp-att-280\"><img loading=\"lazy\" decoding=\"async\" class=\"alignnone size-medium wp-image-280\" src=\"http:\/\/fwv-kulmbach.de\/wp-content\/uploads\/2016\/04\/2016_Bobengr\u00fcn_2-300x225.jpg\" alt=\"2016_Bobengr\u00fcn_2\" width=\"300\" height=\"225\" srcset=\"https:\/\/www.fwv-kulmbach.de\/wp-content\/uploads\/2016\/04\/2016_Bobengr\u00fcn_2-300x225.jpg 300w, https:\/\/www.fwv-kulmbach.de\/wp-content\/uploads\/2016\/04\/2016_Bobengr\u00fcn_2-768x576.jpg 768w, https:\/\/www.fwv-kulmbach.de\/wp-content\/uploads\/2016\/04\/2016_Bobengr\u00fcn_2.jpg 1024w\" sizes=\"auto, (max-width: 300px) 100vw, 300px\" \/><\/a> <a href=\"http:\/\/fwv-kulmbach.de\/wp-content\/uploads\/2016\/04\/2016_Bobengr\u00fcn_3.jpg\" rel=\"attachment wp-att-281\"><img loading=\"lazy\" decoding=\"async\" class=\"alignnone size-medium wp-image-281\" src=\"http:\/\/fwv-kulmbach.de\/wp-content\/uploads\/2016\/04\/2016_Bobengr\u00fcn_3-300x225.jpg\" alt=\"2016_Bobengr\u00fcn_3\" width=\"300\" height=\"225\" srcset=\"https:\/\/www.fwv-kulmbach.de\/wp-content\/uploads\/2016\/04\/2016_Bobengr\u00fcn_3-300x225.jpg 300w, https:\/\/www.fwv-kulmbach.de\/wp-content\/uploads\/2016\/04\/2016_Bobengr\u00fcn_3-768x576.jpg 768w, https:\/\/www.fwv-kulmbach.de\/wp-content\/uploads\/2016\/04\/2016_Bobengr\u00fcn_3.jpg 1024w\" sizes=\"auto, (max-width: 300px) 100vw, 300px\" \/><\/a><\/p>\n<p>&nbsp;<\/p>\n","protected":false},"excerpt":{"rendered":"<p>Bei sch\u00f6nem Fr\u00fchlingswetter besuchte die Ortsgruppe Kulmbach bei der Anfahrt zun\u00e4chst den neu errichteten K\u00f6hlerplatz in der Thiemitz, wo 2015 der Hauptverein gro\u00dfe Investitionen vorgenommen hat, um dieses geschichtstr\u00e4chtige Handwerk f\u00fcr Tourismus erlebbar zu machen. Dann wanderten wir vom Gerlaser &hellip; <a href=\"https:\/\/www.fwv-kulmbach.de\/?p=278\">Weiterlesen <span class=\"meta-nav\">&rarr;<\/span><\/a><\/p>\n","protected":false},"author":1,"featured_media":0,"comment_status":"closed","ping_status":"closed","sticky":false,"template":"","format":"standard","meta":{"footnotes":""},"categories":[2],"tags":[],"class_list":["post-278","post","type-post","status-publish","format-standard","hentry","category-og-kulmbach"],"_links":{"self":[{"href":"https:\/\/www.fwv-kulmbach.de\/index.php?rest_route=\/wp\/v2\/posts\/278","targetHints":{"allow":["GET"]}}],"collection":[{"href":"https:\/\/www.fwv-kulmbach.de\/index.php?rest_route=\/wp\/v2\/posts"}],"about":[{"href":"https:\/\/www.fwv-kulmbach.de\/index.php?rest_route=\/wp\/v2\/types\/post"}],"author":[{"embeddable":true,"href":"https:\/\/www.fwv-kulmbach.de\/index.php?rest_route=\/wp\/v2\/users\/1"}],"replies":[{"embeddable":true,"href":"https:\/\/www.fwv-kulmbach.de\/index.php?rest_route=%2Fwp%2Fv2%2Fcomments&post=278"}],"version-history":[{"count":1,"href":"https:\/\/www.fwv-kulmbach.de\/index.php?rest_route=\/wp\/v2\/posts\/278\/revisions"}],"predecessor-version":[{"id":282,"href":"https:\/\/www.fwv-kulmbach.de\/index.php?rest_route=\/wp\/v2\/posts\/278\/revisions\/282"}],"wp:attachment":[{"href":"https:\/\/www.fwv-kulmbach.de\/index.php?rest_route=%2Fwp%2Fv2%2Fmedia&parent=278"}],"wp:term":[{"taxonomy":"category","embeddable":true,"href":"https:\/\/www.fwv-kulmbach.de\/index.php?rest_route=%2Fwp%2Fv2%2Fcategories&post=278"},{"taxonomy":"post_tag","embeddable":true,"href":"https:\/\/www.fwv-kulmbach.de\/index.php?rest_route=%2Fwp%2Fv2%2Ftags&post=278"}],"curies":[{"name":"wp","href":"https:\/\/api.w.org\/{rel}","templated":true}]}}