{"id":275,"date":"2016-04-03T12:55:51","date_gmt":"2016-04-03T10:55:51","guid":{"rendered":"http:\/\/fwv-kulmbach.de\/?p=275"},"modified":"2016-04-03T12:55:51","modified_gmt":"2016-04-03T10:55:51","slug":"einladung-zur-aprilwanderung-2016","status":"publish","type":"post","link":"https:\/\/www.fwv-kulmbach.de\/?p=275","title":{"rendered":"Einladung zur Aprilwanderung 2016"},"content":{"rendered":"<p>Liebe Kulmbacher Frankenw\u00e4ldler,<\/p>\n<div class=\"moz-forward-container\">Der Fr\u00fchling ist da! Was k\u00f6nnte sch\u00f6ner sein als zu einer sch\u00f6nen Wanderung in den hohen Frankenwald aufzubrechen.<br \/>\nDeshalb laden wir, die Frankenwaldortsgruppe Euch alle ganz herzlich dazu ein. Die Internas entnehmen Sie bitte dem nachstehenden Aushang. Herzliche Gr\u00fcsse &#8211; Wanderf\u00fchrer Herbert, Hermine und Marlene.<\/p>\n<p>Also mit &#8222;Frisch auf&#8220; in den Fr\u00fchling!<\/p>\n<p align=\"center\"><span style=\"font-family: Times New Roman,serif;\"><span style=\"font-size: xx-large;\"><i><b>Einladung an Mitglieder, Wanderfreunde und G\u00e4ste<\/b><\/i><\/span><\/span><\/p>\n<p align=\"center\"><span style=\"font-family: Times New Roman,serif;\"><span style=\"font-size: xx-large;\"><i><b>zur Rundwanderung im hohen Frankenwald um Bobengr\u00fcn auf dem US 43 Geotop und Planeten-Weg.<\/b><\/i><\/span><\/span><\/p>\n<p align=\"center\"><span style=\"font-family: Times New Roman,serif;\"><span style=\"font-size: xx-large;\"><i><b>Am Sonntag den 10. April 2016<\/b><\/i><\/span><\/span><\/p>\n<p align=\"center\"><span style=\"font-family: Times New Roman,serif;\"><span style=\"font-size: xx-large;\"><i><b>Auf der Anfahrt findet ein Kurzbesuch der sanierten K\u00f6hlerei im Tiemitztal statt.<\/b><\/i><\/span><\/span><\/p>\n<p align=\"left\"><span style=\"font-family: Times New Roman,serif;\"><span style=\"font-size: xx-large;\">Wanderbeginn am Gerlaser Forsthaus, heute Wanderheim des Frankenwaldvereins Bobengr\u00fcn.<\/span><\/span><\/p>\n<p align=\"left\"><span style=\"font-family: Times New Roman,serif;\"><span style=\"font-size: large;\"><b>Wanderstrecke max. 11 Km<\/b><\/span><\/span><\/p>\n<p align=\"left\"><span style=\"font-family: Times New Roman,serif;\"><span style=\"font-size: large;\">Schwierigkeitsgrad der Wanderung \u00fcberwiegend leicht bis mittel.<\/span><\/span><\/p>\n<p align=\"left\"><span style=\"font-family: Times New Roman,serif;\"><span style=\"font-size: large;\">Wanderf\u00fcher Herbert Janka<\/span><\/span><\/p>\n<p align=\"left\"><span style=\"font-family: Times New Roman,serif;\"><span style=\"font-size: large;\">Einkehr ca. 16.00 Uhr auf der R\u00fcckfahrt in KC im Ruppenwirtshaus.<\/span><\/span><\/p>\n<p align=\"left\"><span style=\"font-family: Times New Roman,serif;\"><span style=\"font-size: large;\">ca. 18 Uhr R\u00fcckfahrt KC &#8211; KU<\/span><\/span><\/p>\n<p><b><span style=\"color: #000000;\"><span style=\"font-family: Arial;\"><span style=\"font-size: medium;\">Bus<\/span><\/span><\/span><span style=\"color: #000000;\"><span style=\"font-family: Arial;\"><span style=\"font-size: medium;\">a<\/span><\/span><\/span><span style=\"color: #000000;\"><span style=\"font-family: Arial;\"><span style=\"font-size: medium;\">bfahrtzeiten:<\/span><\/span><\/span><\/b><\/p>\n<p><span style=\"font-family: Arial,sans-serif;\"><span style=\"font-size: large;\"><b><span style=\"color: #000000;\">09.25<\/span><span style=\"color: #000000;\"> Uhr B 303\u00a0Neuenmarkt \u2013 Haltestelle Tankstelle<\/span><\/b><\/span><\/span><\/p>\n<p><span style=\"font-family: Arial,sans-serif;\"><span style=\"font-size: large;\"><b><span style=\"color: #000000;\">09.3<\/span><span style=\"color: #000000;\">5 Uhr Untersteinach<\/span><\/b><\/span><\/span><\/p>\n<p><span style=\"font-family: Arial,sans-serif;\"><span style=\"font-size: large;\"><b><span style=\"color: #000000;\">09.39<\/span><span style=\"color: #000000;\"> Uhr <\/span><span style=\"color: #000000;\">Kauerndorf<\/span><\/b><\/span><\/span><\/p>\n<p><span style=\"font-family: Arial,sans-serif;\"><span style=\"font-size: large;\"><b><span style=\"color: #000000;\">09.43 Uhr <\/span><span style=\"color: #000000;\">Kauernburg<\/span><\/b><\/span><\/span><\/p>\n<p><span style=\"font-family: Arial,sans-serif;\"><span style=\"font-size: large;\"><b>09.49 Uhr Blaich<\/b><\/span><\/span><\/p>\n<p><span style=\"font-family: Arial,sans-serif;\"><span style=\"font-size: large;\"><b>09.53 Uhr P\u00f6rbitsch<\/b><\/span><\/span><\/p>\n<p><span style=\"font-family: Arial,sans-serif;\"><span style=\"font-size: large;\"><b>09.57 Uhr Schweizer Hof<\/b><\/span><\/span><\/p>\n<p><span style=\"font-family: Arial,sans-serif;\"><span style=\"font-size: large;\"><b>10.01 Uhr Priemershof<\/b><\/span><\/span><\/p>\n<p><span style=\"font-family: Arial,sans-serif;\"><span style=\"font-size: large;\"><b>10.05 Uhr Busbahnhof<\/b><\/span><\/span><\/p>\n<p><span style=\"font-family: Arial,sans-serif;\"><span style=\"font-size: large;\"><b>10.10 Uhr <span style=\"color: #000000;\">Farben Geyer<\/span><\/b><\/span><\/span><\/p>\n<p><span style=\"font-family: Arial,sans-serif;\"><span style=\"font-size: large;\"><b>10.15 Uhr Papier Albrecht<\/b><\/span><\/span><\/p>\n<p><span style=\"font-size: large;\"><b>Anmeldung unter Tel. H. Janka 09229-9999002 und 09221 2009 H. Werther<\/b><\/span><\/p>\n<\/div>\n","protected":false},"excerpt":{"rendered":"<p>Liebe Kulmbacher Frankenw\u00e4ldler, Der Fr\u00fchling ist da! Was k\u00f6nnte sch\u00f6ner sein als zu einer sch\u00f6nen Wanderung in den hohen Frankenwald aufzubrechen. Deshalb laden wir, die Frankenwaldortsgruppe Euch alle ganz herzlich dazu ein. Die Internas entnehmen Sie bitte dem nachstehenden Aushang. &hellip; <a href=\"https:\/\/www.fwv-kulmbach.de\/?p=275\">Weiterlesen <span class=\"meta-nav\">&rarr;<\/span><\/a><\/p>\n","protected":false},"author":1,"featured_media":0,"comment_status":"closed","ping_status":"closed","sticky":false,"template":"","format":"standard","meta":{"footnotes":""},"categories":[2],"tags":[],"class_list":["post-275","post","type-post","status-publish","format-standard","hentry","category-og-kulmbach"],"_links":{"self":[{"href":"https:\/\/www.fwv-kulmbach.de\/index.php?rest_route=\/wp\/v2\/posts\/275","targetHints":{"allow":["GET"]}}],"collection":[{"href":"https:\/\/www.fwv-kulmbach.de\/index.php?rest_route=\/wp\/v2\/posts"}],"about":[{"href":"https:\/\/www.fwv-kulmbach.de\/index.php?rest_route=\/wp\/v2\/types\/post"}],"author":[{"embeddable":true,"href":"https:\/\/www.fwv-kulmbach.de\/index.php?rest_route=\/wp\/v2\/users\/1"}],"replies":[{"embeddable":true,"href":"https:\/\/www.fwv-kulmbach.de\/index.php?rest_route=%2Fwp%2Fv2%2Fcomments&post=275"}],"version-history":[{"count":1,"href":"https:\/\/www.fwv-kulmbach.de\/index.php?rest_route=\/wp\/v2\/posts\/275\/revisions"}],"predecessor-version":[{"id":276,"href":"https:\/\/www.fwv-kulmbach.de\/index.php?rest_route=\/wp\/v2\/posts\/275\/revisions\/276"}],"wp:attachment":[{"href":"https:\/\/www.fwv-kulmbach.de\/index.php?rest_route=%2Fwp%2Fv2%2Fmedia&parent=275"}],"wp:term":[{"taxonomy":"category","embeddable":true,"href":"https:\/\/www.fwv-kulmbach.de\/index.php?rest_route=%2Fwp%2Fv2%2Fcategories&post=275"},{"taxonomy":"post_tag","embeddable":true,"href":"https:\/\/www.fwv-kulmbach.de\/index.php?rest_route=%2Fwp%2Fv2%2Ftags&post=275"}],"curies":[{"name":"wp","href":"https:\/\/api.w.org\/{rel}","templated":true}]}}