{"id":268,"date":"2016-04-03T12:42:33","date_gmt":"2016-04-03T10:42:33","guid":{"rendered":"http:\/\/fwv-kulmbach.de\/?p=268"},"modified":"2016-04-03T12:42:33","modified_gmt":"2016-04-03T10:42:33","slug":"ostermontagswanderung-2016-im-lillachtal","status":"publish","type":"post","link":"https:\/\/www.fwv-kulmbach.de\/?p=268","title":{"rendered":"Ostermontagswanderung 2016 im Lillachtal"},"content":{"rendered":"<p>Auch 2016 f\u00fchrte die Wanderung der Ortsgruppe Kulmbach am Ostermontag wieder in die Fr\u00e4nkische Schweiz. Von Gr\u00e4fenberg ging es zun\u00e4chst nach Wei\u00dfenohe, wo an der Wanderh\u00fctte der Osterhase mit Eiern und Naschereien auf uns wartete.<br \/>\nWanderf\u00fchrerin Helga Spindler hatte ein passendes Lied dazu gedichtet.<br \/>\nNach dieser St\u00e4rkung ging es in Lillachtal, vorbei an den Sinterterrassen bis zur geschm\u00fcckten Karstquelle. Von dort ging es durch den lichten Buchenwald mit den ersten Fr\u00fchlingsbl\u00fchern \u00fcber die Hochfl\u00e4che zur\u00fcck nach Wei\u00dfenohe, wo wir in der Klostergastst\u00e4tte gut versorgt wurden.<\/p>\n<p>&nbsp;<\/p>\n<p><a href=\"http:\/\/fwv-kulmbach.de\/wp-content\/uploads\/2016\/04\/2016_Lillachtal_1.jpg\" rel=\"attachment wp-att-269\"><img loading=\"lazy\" decoding=\"async\" class=\"alignnone size-medium wp-image-269\" src=\"http:\/\/fwv-kulmbach.de\/wp-content\/uploads\/2016\/04\/2016_Lillachtal_1-300x225.jpg\" alt=\"2016_Lillachtal_1\" width=\"300\" height=\"225\" srcset=\"https:\/\/www.fwv-kulmbach.de\/wp-content\/uploads\/2016\/04\/2016_Lillachtal_1-300x225.jpg 300w, https:\/\/www.fwv-kulmbach.de\/wp-content\/uploads\/2016\/04\/2016_Lillachtal_1-768x576.jpg 768w, https:\/\/www.fwv-kulmbach.de\/wp-content\/uploads\/2016\/04\/2016_Lillachtal_1.jpg 1024w\" sizes=\"auto, (max-width: 300px) 100vw, 300px\" \/><\/a> <a href=\"http:\/\/fwv-kulmbach.de\/wp-content\/uploads\/2016\/04\/2016_Lillachtal_2.jpg\" rel=\"attachment wp-att-270\"><img loading=\"lazy\" decoding=\"async\" class=\"alignnone size-medium wp-image-270\" src=\"http:\/\/fwv-kulmbach.de\/wp-content\/uploads\/2016\/04\/2016_Lillachtal_2-225x300.jpg\" alt=\"2016_Lillachtal_2\" width=\"225\" height=\"300\" srcset=\"https:\/\/www.fwv-kulmbach.de\/wp-content\/uploads\/2016\/04\/2016_Lillachtal_2-225x300.jpg 225w, https:\/\/www.fwv-kulmbach.de\/wp-content\/uploads\/2016\/04\/2016_Lillachtal_2.jpg 768w\" sizes=\"auto, (max-width: 225px) 100vw, 225px\" \/><\/a> <a href=\"http:\/\/fwv-kulmbach.de\/wp-content\/uploads\/2016\/04\/2016_Lillachtal_3.jpg\" rel=\"attachment wp-att-271\"><img loading=\"lazy\" decoding=\"async\" class=\"alignnone size-medium wp-image-271\" src=\"http:\/\/fwv-kulmbach.de\/wp-content\/uploads\/2016\/04\/2016_Lillachtal_3-300x225.jpg\" alt=\"2016_Lillachtal_3\" width=\"300\" height=\"225\" srcset=\"https:\/\/www.fwv-kulmbach.de\/wp-content\/uploads\/2016\/04\/2016_Lillachtal_3-300x225.jpg 300w, https:\/\/www.fwv-kulmbach.de\/wp-content\/uploads\/2016\/04\/2016_Lillachtal_3-768x576.jpg 768w, https:\/\/www.fwv-kulmbach.de\/wp-content\/uploads\/2016\/04\/2016_Lillachtal_3.jpg 1024w\" sizes=\"auto, (max-width: 300px) 100vw, 300px\" \/><\/a> <a href=\"http:\/\/fwv-kulmbach.de\/wp-content\/uploads\/2016\/04\/2016_Lillachtal_4.jpg\" rel=\"attachment wp-att-272\"><img loading=\"lazy\" decoding=\"async\" class=\"alignnone size-medium wp-image-272\" src=\"http:\/\/fwv-kulmbach.de\/wp-content\/uploads\/2016\/04\/2016_Lillachtal_4-300x225.jpg\" alt=\"2016_Lillachtal_4\" width=\"300\" height=\"225\" srcset=\"https:\/\/www.fwv-kulmbach.de\/wp-content\/uploads\/2016\/04\/2016_Lillachtal_4-300x225.jpg 300w, https:\/\/www.fwv-kulmbach.de\/wp-content\/uploads\/2016\/04\/2016_Lillachtal_4-768x576.jpg 768w, https:\/\/www.fwv-kulmbach.de\/wp-content\/uploads\/2016\/04\/2016_Lillachtal_4.jpg 1024w\" sizes=\"auto, (max-width: 300px) 100vw, 300px\" \/><\/a> <a href=\"http:\/\/fwv-kulmbach.de\/wp-content\/uploads\/2016\/04\/2016_Lillachtal_5.jpg\" rel=\"attachment wp-att-273\"><img loading=\"lazy\" decoding=\"async\" class=\"alignnone size-medium wp-image-273\" src=\"http:\/\/fwv-kulmbach.de\/wp-content\/uploads\/2016\/04\/2016_Lillachtal_5-300x225.jpg\" alt=\"2016_Lillachtal_5\" width=\"300\" height=\"225\" srcset=\"https:\/\/www.fwv-kulmbach.de\/wp-content\/uploads\/2016\/04\/2016_Lillachtal_5-300x225.jpg 300w, https:\/\/www.fwv-kulmbach.de\/wp-content\/uploads\/2016\/04\/2016_Lillachtal_5-768x576.jpg 768w, https:\/\/www.fwv-kulmbach.de\/wp-content\/uploads\/2016\/04\/2016_Lillachtal_5.jpg 1024w\" sizes=\"auto, (max-width: 300px) 100vw, 300px\" \/><\/a><\/p>\n","protected":false},"excerpt":{"rendered":"<p>Auch 2016 f\u00fchrte die Wanderung der Ortsgruppe Kulmbach am Ostermontag wieder in die Fr\u00e4nkische Schweiz. Von Gr\u00e4fenberg ging es zun\u00e4chst nach Wei\u00dfenohe, wo an der Wanderh\u00fctte der Osterhase mit Eiern und Naschereien auf uns wartete. Wanderf\u00fchrerin Helga Spindler hatte ein &hellip; <a href=\"https:\/\/www.fwv-kulmbach.de\/?p=268\">Weiterlesen <span class=\"meta-nav\">&rarr;<\/span><\/a><\/p>\n","protected":false},"author":1,"featured_media":0,"comment_status":"closed","ping_status":"closed","sticky":false,"template":"","format":"gallery","meta":{"footnotes":""},"categories":[2],"tags":[],"class_list":["post-268","post","type-post","status-publish","format-gallery","hentry","category-og-kulmbach","post_format-post-format-gallery"],"_links":{"self":[{"href":"https:\/\/www.fwv-kulmbach.de\/index.php?rest_route=\/wp\/v2\/posts\/268","targetHints":{"allow":["GET"]}}],"collection":[{"href":"https:\/\/www.fwv-kulmbach.de\/index.php?rest_route=\/wp\/v2\/posts"}],"about":[{"href":"https:\/\/www.fwv-kulmbach.de\/index.php?rest_route=\/wp\/v2\/types\/post"}],"author":[{"embeddable":true,"href":"https:\/\/www.fwv-kulmbach.de\/index.php?rest_route=\/wp\/v2\/users\/1"}],"replies":[{"embeddable":true,"href":"https:\/\/www.fwv-kulmbach.de\/index.php?rest_route=%2Fwp%2Fv2%2Fcomments&post=268"}],"version-history":[{"count":1,"href":"https:\/\/www.fwv-kulmbach.de\/index.php?rest_route=\/wp\/v2\/posts\/268\/revisions"}],"predecessor-version":[{"id":274,"href":"https:\/\/www.fwv-kulmbach.de\/index.php?rest_route=\/wp\/v2\/posts\/268\/revisions\/274"}],"wp:attachment":[{"href":"https:\/\/www.fwv-kulmbach.de\/index.php?rest_route=%2Fwp%2Fv2%2Fmedia&parent=268"}],"wp:term":[{"taxonomy":"category","embeddable":true,"href":"https:\/\/www.fwv-kulmbach.de\/index.php?rest_route=%2Fwp%2Fv2%2Fcategories&post=268"},{"taxonomy":"post_tag","embeddable":true,"href":"https:\/\/www.fwv-kulmbach.de\/index.php?rest_route=%2Fwp%2Fv2%2Ftags&post=268"}],"curies":[{"name":"wp","href":"https:\/\/api.w.org\/{rel}","templated":true}]}}