{"id":264,"date":"2016-03-12T09:51:03","date_gmt":"2016-03-12T08:51:03","guid":{"rendered":"http:\/\/fwv-kulmbach.de\/?p=264"},"modified":"2016-03-12T09:51:03","modified_gmt":"2016-03-12T08:51:03","slug":"jahreshauptversammlung-mit-neuwahlen","status":"publish","type":"post","link":"https:\/\/www.fwv-kulmbach.de\/?p=264","title":{"rendered":"Jahreshauptversammlung mit Neuwahlen"},"content":{"rendered":"<p>Zur Jahreshauptversammlung mit Neuwahlen am 6.M\u00e4rz konnte Obmann Hans Werther auf ein sehr gutes Wanderjahr 2015 zur\u00fcckblicken. Konstante Mitgliederzahlen und eine gute Kassenf\u00fchrung von Heidi Krau\u00df f\u00fchrten zu einer einstimmigen Entlastung des alten Vorstandes. Der scheidende Wanderwart Herbert Janka berichtete von sehr erfreulichen Teilnehmerzahlen bei allen Monatswanderungen. Obmann Hans Werther bescheinigte ihm sein Meisterst\u00fcck f\u00fcr die bestens organisierte Dreitagesfahrt in die Rh\u00f6n. Herbert Janka bleibt der Obmannschaft als neuer Schriftf\u00fchrer erhalten. Verabschiedet wurden auf eigenen Wunsch Sybille Zellmer und Martin Thomas, dem f\u00fcr die Durchf\u00fchrung vieler Mehrtagesfahrten herzlich gedankt wurde. Neuer Wegewart wurde Manfred Held. Die Anzahl der Beisitzer wurde um Rudolf Krau\u00df, Erika Lutz, Manuela Teichmann-Wirsig, Gerlinde Wanke und Uwe Wirsig erweitert.<\/p>\n<p>Obmann Hans Werther konnte zusammen mit seinem Stellvertreter Helmut Horn Karin Heinemann f\u00fcr 40 Jahre Mitgliedschaft im Frankenwaldverein ehren (siehe Bild). Die Ehrungen f\u00fcr Edith Schwager (40 Jahre) und Andreas Krau\u00df (25 Jahre) werden zu einem sp\u00e4teren Zeitpunkt nachgeholt.<\/p>\n<p><a href=\"http:\/\/fwv-kulmbach.de\/wp-content\/uploads\/2016\/03\/2016_JHV.jpg\" rel=\"attachment wp-att-265\"><img loading=\"lazy\" decoding=\"async\" class=\"alignnone size-medium wp-image-265\" src=\"http:\/\/fwv-kulmbach.de\/wp-content\/uploads\/2016\/03\/2016_JHV-300x225.jpg\" alt=\"2016_JHV\" width=\"300\" height=\"225\" srcset=\"https:\/\/www.fwv-kulmbach.de\/wp-content\/uploads\/2016\/03\/2016_JHV-300x225.jpg 300w, https:\/\/www.fwv-kulmbach.de\/wp-content\/uploads\/2016\/03\/2016_JHV-768x576.jpg 768w, https:\/\/www.fwv-kulmbach.de\/wp-content\/uploads\/2016\/03\/2016_JHV.jpg 1024w\" sizes=\"auto, (max-width: 300px) 100vw, 300px\" \/><\/a><\/p>\n<p>&nbsp;<\/p>\n<p>&nbsp;<\/p>\n<p><strong><span style=\"text-decoration: underline;\">Die neue Vorstandschaft auf einen Blick<\/span><\/strong><br \/>\n1. Obmann: Hans Werther<\/p>\n<p>2. Stellvertretender Obmann: Helmut Horn<\/p>\n<p>3. Schriftf\u00fchrer: Herbert Janka<\/p>\n<p>4. Kassiererin: Heidi Krau\u00df<\/p>\n<p>5. Wegewart: Manfred Held<\/p>\n<p>6. Beisitzer:<\/p>\n<p>Gerhard Heinz<br \/>\nRudolf Krau\u00df<br \/>\nErika Lutz<br \/>\nAnita M\u00fcller<br \/>\nHelga Spindler<br \/>\nManuela Teichmann-Wirsig<br \/>\nGerlinde Wanke<br \/>\nUwe Wirsig<\/p>\n<p>7. Kassenpr\u00fcfer:<\/p>\n<p>Manfred Held<br \/>\nDieter Walther<\/p>\n<p>&nbsp;<\/p>\n","protected":false},"excerpt":{"rendered":"<p>Zur Jahreshauptversammlung mit Neuwahlen am 6.M\u00e4rz konnte Obmann Hans Werther auf ein sehr gutes Wanderjahr 2015 zur\u00fcckblicken. Konstante Mitgliederzahlen und eine gute Kassenf\u00fchrung von Heidi Krau\u00df f\u00fchrten zu einer einstimmigen Entlastung des alten Vorstandes. Der scheidende Wanderwart Herbert Janka berichtete &hellip; <a href=\"https:\/\/www.fwv-kulmbach.de\/?p=264\">Weiterlesen <span class=\"meta-nav\">&rarr;<\/span><\/a><\/p>\n","protected":false},"author":1,"featured_media":0,"comment_status":"closed","ping_status":"closed","sticky":false,"template":"","format":"standard","meta":{"footnotes":""},"categories":[2],"tags":[],"class_list":["post-264","post","type-post","status-publish","format-standard","hentry","category-og-kulmbach"],"_links":{"self":[{"href":"https:\/\/www.fwv-kulmbach.de\/index.php?rest_route=\/wp\/v2\/posts\/264","targetHints":{"allow":["GET"]}}],"collection":[{"href":"https:\/\/www.fwv-kulmbach.de\/index.php?rest_route=\/wp\/v2\/posts"}],"about":[{"href":"https:\/\/www.fwv-kulmbach.de\/index.php?rest_route=\/wp\/v2\/types\/post"}],"author":[{"embeddable":true,"href":"https:\/\/www.fwv-kulmbach.de\/index.php?rest_route=\/wp\/v2\/users\/1"}],"replies":[{"embeddable":true,"href":"https:\/\/www.fwv-kulmbach.de\/index.php?rest_route=%2Fwp%2Fv2%2Fcomments&post=264"}],"version-history":[{"count":1,"href":"https:\/\/www.fwv-kulmbach.de\/index.php?rest_route=\/wp\/v2\/posts\/264\/revisions"}],"predecessor-version":[{"id":266,"href":"https:\/\/www.fwv-kulmbach.de\/index.php?rest_route=\/wp\/v2\/posts\/264\/revisions\/266"}],"wp:attachment":[{"href":"https:\/\/www.fwv-kulmbach.de\/index.php?rest_route=%2Fwp%2Fv2%2Fmedia&parent=264"}],"wp:term":[{"taxonomy":"category","embeddable":true,"href":"https:\/\/www.fwv-kulmbach.de\/index.php?rest_route=%2Fwp%2Fv2%2Fcategories&post=264"},{"taxonomy":"post_tag","embeddable":true,"href":"https:\/\/www.fwv-kulmbach.de\/index.php?rest_route=%2Fwp%2Fv2%2Ftags&post=264"}],"curies":[{"name":"wp","href":"https:\/\/api.w.org\/{rel}","templated":true}]}}