{"id":259,"date":"2016-03-01T21:12:49","date_gmt":"2016-03-01T20:12:49","guid":{"rendered":"http:\/\/fwv-kulmbach.de\/?p=259"},"modified":"2016-03-01T21:14:03","modified_gmt":"2016-03-01T20:14:03","slug":"jahreshauptversammlung-2016-der-ortsgruppe-kulmbach","status":"publish","type":"post","link":"https:\/\/www.fwv-kulmbach.de\/?p=259","title":{"rendered":"Jahreshauptversammlung 2016 der Ortsgruppe Kulmbach"},"content":{"rendered":"<p style=\"text-align: center;\"><strong>Ortsgruppe Kulmbach des Frankenwaldvereins e. V.<\/strong><\/p>\n<p style=\"text-align: center;\">Obmann Hans Werther \u2013 \u00c4ngerlein 41 e \u2013 95326 Kulmbach \u2013 Tel. 09221\/2009<\/p>\n<p style=\"text-align: center;\">E-Mail: hans.werther@googlemail.com<\/p>\n<p>Zu unserer <strong>Jahresmitgliederversammlung 2016<\/strong>, laden wir unsere Mitglieder mit Angeh\u00f6rigen und G\u00e4ste<\/p>\n<p style=\"text-align: center;\"><strong>am Sonntag, 6. M\u00e4rz 2016 um 16 Uhr<\/strong><\/p>\n<p style=\"text-align: center;\"><strong>im Landgasthof \u201eGeuther\u201c, Blaicher Stra\u00dfe 52 in Kulmbach<\/strong><\/p>\n<p>herzlich ein.<\/p>\n<h2><strong><u>Tagesordnung<\/u><\/strong><\/h2>\n<ol>\n<li>Begr\u00fc\u00dfung durch den Obmann<\/li>\n<li>Totengedenken<\/li>\n<li>Gru\u00dfworte<\/li>\n<li>Bericht des Obmanns<\/li>\n<li>Bericht des Wanderwarts<\/li>\n<li>Bericht des Wegewarts<\/li>\n<li>Bericht der Kassiererin<\/li>\n<li>Bericht der Kassenpr\u00fcfer<\/li>\n<li>Aussprache und Entlastung von Kassiererin und Obmannschaft<\/li>\n<li>Neuwahlen der Obmannschaft: Obmann, Stellvertretender Obmann, Schriftf\u00fchrer, Kassiererin, Wanderwart, Wegewart, Beisitzer und Beisitzerinnen, Kassenpr\u00fcfer<\/li>\n<li>Dank an ausscheidende Mitglieder der Obmannschaft<\/li>\n<li>Ehrungen<\/li>\n<li>Vorschau auf das Wander- und Veranstaltungsjahr 2016<\/li>\n<li>Antr\u00e4ge, W\u00fcnsche und Sonstiges<\/li>\n<li>Bilder zum Wanderjahr 2015, vor allem von der Rh\u00f6nfahrt , von Herbert Janka<\/li>\n<\/ol>\n<p><strong>Hans Werther, Obmann<\/strong><\/p>\n","protected":false},"excerpt":{"rendered":"<p>Ortsgruppe Kulmbach des Frankenwaldvereins e. V. Obmann Hans Werther \u2013 \u00c4ngerlein 41 e \u2013 95326 Kulmbach \u2013 Tel. 09221\/2009 E-Mail: hans.werther@googlemail.com Zu unserer Jahresmitgliederversammlung 2016, laden wir unsere Mitglieder mit Angeh\u00f6rigen und G\u00e4ste am Sonntag, 6. M\u00e4rz 2016 um 16 &hellip; <a href=\"https:\/\/www.fwv-kulmbach.de\/?p=259\">Weiterlesen <span class=\"meta-nav\">&rarr;<\/span><\/a><\/p>\n","protected":false},"author":1,"featured_media":0,"comment_status":"closed","ping_status":"closed","sticky":false,"template":"","format":"standard","meta":{"footnotes":""},"categories":[2],"tags":[],"class_list":["post-259","post","type-post","status-publish","format-standard","hentry","category-og-kulmbach"],"_links":{"self":[{"href":"https:\/\/www.fwv-kulmbach.de\/index.php?rest_route=\/wp\/v2\/posts\/259","targetHints":{"allow":["GET"]}}],"collection":[{"href":"https:\/\/www.fwv-kulmbach.de\/index.php?rest_route=\/wp\/v2\/posts"}],"about":[{"href":"https:\/\/www.fwv-kulmbach.de\/index.php?rest_route=\/wp\/v2\/types\/post"}],"author":[{"embeddable":true,"href":"https:\/\/www.fwv-kulmbach.de\/index.php?rest_route=\/wp\/v2\/users\/1"}],"replies":[{"embeddable":true,"href":"https:\/\/www.fwv-kulmbach.de\/index.php?rest_route=%2Fwp%2Fv2%2Fcomments&post=259"}],"version-history":[{"count":3,"href":"https:\/\/www.fwv-kulmbach.de\/index.php?rest_route=\/wp\/v2\/posts\/259\/revisions"}],"predecessor-version":[{"id":262,"href":"https:\/\/www.fwv-kulmbach.de\/index.php?rest_route=\/wp\/v2\/posts\/259\/revisions\/262"}],"wp:attachment":[{"href":"https:\/\/www.fwv-kulmbach.de\/index.php?rest_route=%2Fwp%2Fv2%2Fmedia&parent=259"}],"wp:term":[{"taxonomy":"category","embeddable":true,"href":"https:\/\/www.fwv-kulmbach.de\/index.php?rest_route=%2Fwp%2Fv2%2Fcategories&post=259"},{"taxonomy":"post_tag","embeddable":true,"href":"https:\/\/www.fwv-kulmbach.de\/index.php?rest_route=%2Fwp%2Fv2%2Ftags&post=259"}],"curies":[{"name":"wp","href":"https:\/\/api.w.org\/{rel}","templated":true}]}}