{"id":254,"date":"2016-03-01T21:07:37","date_gmt":"2016-03-01T20:07:37","guid":{"rendered":"http:\/\/fwv-kulmbach.de\/?p=254"},"modified":"2016-03-01T21:08:48","modified_gmt":"2016-03-01T20:08:48","slug":"staedtepartnerschaft-mit-saalfeld-auf-neuem-weg","status":"publish","type":"post","link":"https:\/\/www.fwv-kulmbach.de\/?p=254","title":{"rendered":"St\u00e4dtepartnerschaft mit Saalfeld auf neuem Weg"},"content":{"rendered":"<p>Auf einen neuen Weg machte sich die Partnerschaft der St\u00e4dte Saalfeld und Kulmbach im doppelten Sinne. Erstmals gemeinsam trafen sich der Wanderverein Saalfeld und die Kulmbacher Ortsgruppe des Frankenwaldvereins zu einer gemeinsamen Monatswanderung.<\/p>\n<p>Obmann Hans Werther konnte die 17-k\u00f6pfige Wandergruppe aus Saalfeld mit Vorsitzendem Eckerhard Haberland am Kulmbacher Bahnhof abholen. Mit Stadtf\u00fchrer Robert Hirschmann wurde dann zun\u00e4chst die historische Innenstadt Kulmbachs erkundet.<\/p>\n<p>Um 11.15 Uhr konnte Hans Werther dann \u00fcber 30 Kulmbacher Wanderer vor dem Rathaus zus\u00e4tzlich begr\u00fc\u00dfen. Er \u00fcberbrachte die Gr\u00fc\u00dfe des Kulmbacher Oberb\u00fcrgermeisters Henry Schramm, der allen G\u00e4sten und Einheimischen einen sch\u00f6nen Wandertag w\u00fcnschen lie\u00df.<\/p>\n<p>Die zweite Neuheit war, dass erstmals das neu zertifizierte Frankenwald-Steigla, der Rehberg-Weg von der Wandergruppe getestet wurde. \u00dcber die obere Stadt, vorbei am Amtsgericht \u00fcber das Steinerne G\u00e4sschen gings bergauf zum Rehberg unter F\u00fchrung von Manfred Held. Bei einer Pause am Rehturm verteilten die G\u00e4ste Schokoladenspezialit\u00e4ten aus heimischer Produktion, gespendet vom Saalfelder B\u00fcrgermeister Matthias Graul. Im Gegenzug wurden die G\u00e4ste zu einem Umtrunk beim Rangabauern in Tennach eingeladen, der von der Stadt Kulmbach gesponsert wurde.<\/p>\n<p>Zur\u00fcck ging es \u00fcber die Leithen zur Burg, wo die Saalfelder den Sch\u00f6nen Hof und die Aussicht \u00fcber die Stadt genie\u00dfen konnten. Bei der gem\u00fctlichen Endeinkehr in der Kommunbr\u00e4u wurde f\u00fcr 2017 ein Gegenbesuch mit einer z\u00fcnftigen Wanderung in Saalfeld beschlossen.<\/p>\n<p><a href=\"http:\/\/fwv-kulmbach.de\/wp-content\/uploads\/2016\/03\/Wanderung_mit_Saalfeldern.jpg\" rel=\"attachment wp-att-256\" Target = \"_blank\"><img loading=\"lazy\" decoding=\"async\" class=\"alignnone size-medium wp-image-256\" src=\"http:\/\/fwv-kulmbach.de\/wp-content\/uploads\/2016\/03\/Wanderung_mit_Saalfeldern-300x169.jpg\" alt=\"Wanderung_mit_Saalfeldern\" width=\"300\" height=\"169\" srcset=\"https:\/\/www.fwv-kulmbach.de\/wp-content\/uploads\/2016\/03\/Wanderung_mit_Saalfeldern-300x169.jpg 300w, https:\/\/www.fwv-kulmbach.de\/wp-content\/uploads\/2016\/03\/Wanderung_mit_Saalfeldern-768x432.jpg 768w, https:\/\/www.fwv-kulmbach.de\/wp-content\/uploads\/2016\/03\/Wanderung_mit_Saalfeldern-1024x576.jpg 1024w\" sizes=\"auto, (max-width: 300px) 100vw, 300px\" \/><\/a><\/p>\n<p>Das Bild zeigt die Wandergruppe mit Saalfeldern und Kulmbachern unterhalb des Rehturms. Links Stadtf\u00fchrer Robert Hirschmann und Wanderf\u00fchrer Manfred Held.<\/p>\n","protected":false},"excerpt":{"rendered":"<p>Auf einen neuen Weg machte sich die Partnerschaft der St\u00e4dte Saalfeld und Kulmbach im doppelten Sinne. Erstmals gemeinsam trafen sich der Wanderverein Saalfeld und die Kulmbacher Ortsgruppe des Frankenwaldvereins zu einer gemeinsamen Monatswanderung. Obmann Hans Werther konnte die 17-k\u00f6pfige Wandergruppe &hellip; <a href=\"https:\/\/www.fwv-kulmbach.de\/?p=254\">Weiterlesen <span class=\"meta-nav\">&rarr;<\/span><\/a><\/p>\n","protected":false},"author":1,"featured_media":0,"comment_status":"closed","ping_status":"closed","sticky":false,"template":"","format":"standard","meta":{"footnotes":""},"categories":[2],"tags":[],"class_list":["post-254","post","type-post","status-publish","format-standard","hentry","category-og-kulmbach"],"_links":{"self":[{"href":"https:\/\/www.fwv-kulmbach.de\/index.php?rest_route=\/wp\/v2\/posts\/254","targetHints":{"allow":["GET"]}}],"collection":[{"href":"https:\/\/www.fwv-kulmbach.de\/index.php?rest_route=\/wp\/v2\/posts"}],"about":[{"href":"https:\/\/www.fwv-kulmbach.de\/index.php?rest_route=\/wp\/v2\/types\/post"}],"author":[{"embeddable":true,"href":"https:\/\/www.fwv-kulmbach.de\/index.php?rest_route=\/wp\/v2\/users\/1"}],"replies":[{"embeddable":true,"href":"https:\/\/www.fwv-kulmbach.de\/index.php?rest_route=%2Fwp%2Fv2%2Fcomments&post=254"}],"version-history":[{"count":2,"href":"https:\/\/www.fwv-kulmbach.de\/index.php?rest_route=\/wp\/v2\/posts\/254\/revisions"}],"predecessor-version":[{"id":258,"href":"https:\/\/www.fwv-kulmbach.de\/index.php?rest_route=\/wp\/v2\/posts\/254\/revisions\/258"}],"wp:attachment":[{"href":"https:\/\/www.fwv-kulmbach.de\/index.php?rest_route=%2Fwp%2Fv2%2Fmedia&parent=254"}],"wp:term":[{"taxonomy":"category","embeddable":true,"href":"https:\/\/www.fwv-kulmbach.de\/index.php?rest_route=%2Fwp%2Fv2%2Fcategories&post=254"},{"taxonomy":"post_tag","embeddable":true,"href":"https:\/\/www.fwv-kulmbach.de\/index.php?rest_route=%2Fwp%2Fv2%2Ftags&post=254"}],"curies":[{"name":"wp","href":"https:\/\/api.w.org\/{rel}","templated":true}]}}