{"id":236,"date":"2015-11-29T12:30:34","date_gmt":"2015-11-29T11:30:34","guid":{"rendered":"http:\/\/fwv-kulmbach.de\/?p=236"},"modified":"2015-11-29T12:30:34","modified_gmt":"2015-11-29T11:30:34","slug":"das-jahresprogramm-2016-ist-da","status":"publish","type":"post","link":"https:\/\/www.fwv-kulmbach.de\/?p=236","title":{"rendered":"Das Jahresprogramm 2016 ist da!"},"content":{"rendered":"<p>Liebe Wanderfreunde,<br \/>\nab sofort k\u00f6nnen Sie das Jahresprogramm f\u00fcr das Jahr 2016 auf dieser Homepage herunterladen.<br \/>\nDen Link finden Sie im Men\u00fc rechts unter dem Stichwort Jahresprogramm 2016, oder direkt <a href=\"http:\/\/fwv-kulmbach.de\/wp-content\/uploads\/2015\/11\/Jahresprogramm_2016.pdf\" target=\"_blank\">hier!<\/a><\/p>\n","protected":false},"excerpt":{"rendered":"<p>Liebe Wanderfreunde, ab sofort k\u00f6nnen Sie das Jahresprogramm f\u00fcr das Jahr 2016 auf dieser Homepage herunterladen. Den Link finden Sie im Men\u00fc rechts unter dem Stichwort Jahresprogramm 2016, oder direkt hier!<\/p>\n","protected":false},"author":1,"featured_media":0,"comment_status":"closed","ping_status":"closed","sticky":false,"template":"","format":"standard","meta":{"footnotes":""},"categories":[2],"tags":[],"class_list":["post-236","post","type-post","status-publish","format-standard","hentry","category-og-kulmbach"],"_links":{"self":[{"href":"https:\/\/www.fwv-kulmbach.de\/index.php?rest_route=\/wp\/v2\/posts\/236","targetHints":{"allow":["GET"]}}],"collection":[{"href":"https:\/\/www.fwv-kulmbach.de\/index.php?rest_route=\/wp\/v2\/posts"}],"about":[{"href":"https:\/\/www.fwv-kulmbach.de\/index.php?rest_route=\/wp\/v2\/types\/post"}],"author":[{"embeddable":true,"href":"https:\/\/www.fwv-kulmbach.de\/index.php?rest_route=\/wp\/v2\/users\/1"}],"replies":[{"embeddable":true,"href":"https:\/\/www.fwv-kulmbach.de\/index.php?rest_route=%2Fwp%2Fv2%2Fcomments&post=236"}],"version-history":[{"count":1,"href":"https:\/\/www.fwv-kulmbach.de\/index.php?rest_route=\/wp\/v2\/posts\/236\/revisions"}],"predecessor-version":[{"id":237,"href":"https:\/\/www.fwv-kulmbach.de\/index.php?rest_route=\/wp\/v2\/posts\/236\/revisions\/237"}],"wp:attachment":[{"href":"https:\/\/www.fwv-kulmbach.de\/index.php?rest_route=%2Fwp%2Fv2%2Fmedia&parent=236"}],"wp:term":[{"taxonomy":"category","embeddable":true,"href":"https:\/\/www.fwv-kulmbach.de\/index.php?rest_route=%2Fwp%2Fv2%2Fcategories&post=236"},{"taxonomy":"post_tag","embeddable":true,"href":"https:\/\/www.fwv-kulmbach.de\/index.php?rest_route=%2Fwp%2Fv2%2Ftags&post=236"}],"curies":[{"name":"wp","href":"https:\/\/api.w.org\/{rel}","templated":true}]}}