{"id":232,"date":"2015-11-29T12:24:30","date_gmt":"2015-11-29T11:24:30","guid":{"rendered":"http:\/\/fwv-kulmbach.de\/?p=232"},"modified":"2015-11-29T12:26:38","modified_gmt":"2015-11-29T11:26:38","slug":"einladung-zur-weihnachtsfeier","status":"publish","type":"post","link":"https:\/\/www.fwv-kulmbach.de\/?p=232","title":{"rendered":"Einladung zur Weihnachtsfeier"},"content":{"rendered":"<p>Liebe Mitglieder, liebe Wanderfreunde!<\/p>\n<p>Herzliche Einladung zu unserer Weihnachtsfeier am<\/p>\n<p style=\"text-align: center;\"><strong>Freitag, 4. Dezember 2015 um 17:00 Uhr<\/strong><\/p>\n<p style=\"text-align: center;\"><strong>in der Gastst\u00e4tte <\/strong><strong><a href = \"http:\/\/www.einkehr-zur-schmiede.de\/\" target = \"_blank\">\u201eEinkehr zur Schmiede\u201c<\/a><\/strong><strong> (Nebenzimmer), <\/strong><\/p>\n<p style=\"text-align: center;\"><strong>Blaich 1 &#8211; Kulmbach<\/strong><\/p>\n<p>Unsere Ortsgruppe des Frankenwaldvereins feiert heuer ein kleines Jubil\u00e4um. Vor 90 Jahren, am 18. M\u00e4rz 1925, wurde der Kulmbacher Frankenwaldverein gegr\u00fcndet. Darauf wollen wir im Rahmen unserer Weihnachtsfeier zur\u00fcckblicken.<\/p>\n<p>Im Mittelpunkt der Feier steht die Weihnachtsgeschichte auf Fr\u00e4nkisch, dargeboten von der Familie Frankenberger. Musikalisch umrahmt wird die Veranstaltung wieder von G\u00fcnter Mohr auf seiner Mundharmonika.<\/p>\n<p><strong><u>Vorher, ab 15:00 Uhr<\/u><\/strong>, wird eine <strong>kleine Winterwanderung mit Punschstation<\/strong> und Pl\u00e4tzchen unternommen. Treffpunkt und Schlusspunkt hierzu ist die Gastst\u00e4tte \u201eEinkehr zur Schmiede\u201c.<\/p>\n<p><strong>\u00dcber eine rege Beteiligung an Wanderung und Weihnachtsfeier w\u00fcrde sich die Obmannschaft sehr freuen!<\/strong><\/p>\n","protected":false},"excerpt":{"rendered":"<p>Liebe Mitglieder, liebe Wanderfreunde! Herzliche Einladung zu unserer Weihnachtsfeier am Freitag, 4. Dezember 2015 um 17:00 Uhr in der Gastst\u00e4tte \u201eEinkehr zur Schmiede\u201c (Nebenzimmer), Blaich 1 &#8211; Kulmbach Unsere Ortsgruppe des Frankenwaldvereins feiert heuer ein kleines Jubil\u00e4um. Vor 90 Jahren, &hellip; <a href=\"https:\/\/www.fwv-kulmbach.de\/?p=232\">Weiterlesen <span class=\"meta-nav\">&rarr;<\/span><\/a><\/p>\n","protected":false},"author":1,"featured_media":0,"comment_status":"closed","ping_status":"closed","sticky":false,"template":"","format":"standard","meta":{"footnotes":""},"categories":[2],"tags":[],"class_list":["post-232","post","type-post","status-publish","format-standard","hentry","category-og-kulmbach"],"_links":{"self":[{"href":"https:\/\/www.fwv-kulmbach.de\/index.php?rest_route=\/wp\/v2\/posts\/232","targetHints":{"allow":["GET"]}}],"collection":[{"href":"https:\/\/www.fwv-kulmbach.de\/index.php?rest_route=\/wp\/v2\/posts"}],"about":[{"href":"https:\/\/www.fwv-kulmbach.de\/index.php?rest_route=\/wp\/v2\/types\/post"}],"author":[{"embeddable":true,"href":"https:\/\/www.fwv-kulmbach.de\/index.php?rest_route=\/wp\/v2\/users\/1"}],"replies":[{"embeddable":true,"href":"https:\/\/www.fwv-kulmbach.de\/index.php?rest_route=%2Fwp%2Fv2%2Fcomments&post=232"}],"version-history":[{"count":3,"href":"https:\/\/www.fwv-kulmbach.de\/index.php?rest_route=\/wp\/v2\/posts\/232\/revisions"}],"predecessor-version":[{"id":235,"href":"https:\/\/www.fwv-kulmbach.de\/index.php?rest_route=\/wp\/v2\/posts\/232\/revisions\/235"}],"wp:attachment":[{"href":"https:\/\/www.fwv-kulmbach.de\/index.php?rest_route=%2Fwp%2Fv2%2Fmedia&parent=232"}],"wp:term":[{"taxonomy":"category","embeddable":true,"href":"https:\/\/www.fwv-kulmbach.de\/index.php?rest_route=%2Fwp%2Fv2%2Fcategories&post=232"},{"taxonomy":"post_tag","embeddable":true,"href":"https:\/\/www.fwv-kulmbach.de\/index.php?rest_route=%2Fwp%2Fv2%2Ftags&post=232"}],"curies":[{"name":"wp","href":"https:\/\/api.w.org\/{rel}","templated":true}]}}