{"id":221,"date":"2015-10-24T12:28:14","date_gmt":"2015-10-24T10:28:14","guid":{"rendered":"http:\/\/fwv-kulmbach.de\/?p=221"},"modified":"2015-10-24T12:28:14","modified_gmt":"2015-10-24T10:28:14","slug":"fahrt-in-den-bayerischen-landtag","status":"publish","type":"post","link":"https:\/\/www.fwv-kulmbach.de\/?p=221","title":{"rendered":"Fahrt in den Bayerischen Landtag"},"content":{"rendered":"<p>Die Ortsgruppe Kulmbach des FWV verst\u00e4rkt um die &#8222;Bergophor Kegler&#8220; besuchten am 9.10.2015 auf Einladung von Landtagsvizepr\u00e4sidentin Inge Aures den Bayerischen Landtag. Sie nahm uns direkt an der Pforte in Empfang und diskutierte zusammen mit ihrem Kollegen Sch\u00f6ffel im gro\u00dfen Sitzungssaal mit der Gruppe aktuelle Themen, wie die Fl\u00fcchtlingsproblematik und die Notwendigkeit der Bayerischen Bezirke bzw. ihre Abschaffung.<\/p>\n<p>Nach einer interessanten F\u00fchrung durch die R\u00e4umlichkeiten des Maximilianeums gab es ein schmackhaftes Mittagessen in der Landtagskantine. Dann entlie\u00df uns Inge Aures bei strahlendem Sonnenschein zu einem herrlichen Stadtgang in die Innenstadt M\u00fcnchens.<\/p>\n<p>Dank sei auch Elfriede Schmidt vom Abgeordneten B\u00fcro Inge Aures f\u00fcr die organisatorische Unterst\u00fctzung gesagt.<\/p>\n<p>Das Bild zeigt die Gruppe mit Landtagsvizepr\u00e4sidentin Inge Aures in der Mitte zusammen mit unserer Reisegruppe im Landtag.<\/p>\n<p><a href=\"http:\/\/fwv-kulmbach.de\/wp-content\/uploads\/2015\/10\/2015_Landtagsfahrt.jpg\"><img loading=\"lazy\" decoding=\"async\" class=\"alignnone size-medium wp-image-222\" src=\"http:\/\/fwv-kulmbach.de\/wp-content\/uploads\/2015\/10\/2015_Landtagsfahrt-300x169.jpg\" alt=\"2015_Landtagsfahrt\" width=\"300\" height=\"169\" srcset=\"https:\/\/www.fwv-kulmbach.de\/wp-content\/uploads\/2015\/10\/2015_Landtagsfahrt-300x169.jpg 300w, https:\/\/www.fwv-kulmbach.de\/wp-content\/uploads\/2015\/10\/2015_Landtagsfahrt.jpg 1024w\" sizes=\"auto, (max-width: 300px) 100vw, 300px\" \/><\/a><\/p>\n","protected":false},"excerpt":{"rendered":"<p>Die Ortsgruppe Kulmbach des FWV verst\u00e4rkt um die &#8222;Bergophor Kegler&#8220; besuchten am 9.10.2015 auf Einladung von Landtagsvizepr\u00e4sidentin Inge Aures den Bayerischen Landtag. Sie nahm uns direkt an der Pforte in Empfang und diskutierte zusammen mit ihrem Kollegen Sch\u00f6ffel im gro\u00dfen &hellip; <a href=\"https:\/\/www.fwv-kulmbach.de\/?p=221\">Weiterlesen <span class=\"meta-nav\">&rarr;<\/span><\/a><\/p>\n","protected":false},"author":1,"featured_media":0,"comment_status":"closed","ping_status":"closed","sticky":false,"template":"","format":"standard","meta":{"footnotes":""},"categories":[2],"tags":[],"class_list":["post-221","post","type-post","status-publish","format-standard","hentry","category-og-kulmbach"],"_links":{"self":[{"href":"https:\/\/www.fwv-kulmbach.de\/index.php?rest_route=\/wp\/v2\/posts\/221","targetHints":{"allow":["GET"]}}],"collection":[{"href":"https:\/\/www.fwv-kulmbach.de\/index.php?rest_route=\/wp\/v2\/posts"}],"about":[{"href":"https:\/\/www.fwv-kulmbach.de\/index.php?rest_route=\/wp\/v2\/types\/post"}],"author":[{"embeddable":true,"href":"https:\/\/www.fwv-kulmbach.de\/index.php?rest_route=\/wp\/v2\/users\/1"}],"replies":[{"embeddable":true,"href":"https:\/\/www.fwv-kulmbach.de\/index.php?rest_route=%2Fwp%2Fv2%2Fcomments&post=221"}],"version-history":[{"count":1,"href":"https:\/\/www.fwv-kulmbach.de\/index.php?rest_route=\/wp\/v2\/posts\/221\/revisions"}],"predecessor-version":[{"id":223,"href":"https:\/\/www.fwv-kulmbach.de\/index.php?rest_route=\/wp\/v2\/posts\/221\/revisions\/223"}],"wp:attachment":[{"href":"https:\/\/www.fwv-kulmbach.de\/index.php?rest_route=%2Fwp%2Fv2%2Fmedia&parent=221"}],"wp:term":[{"taxonomy":"category","embeddable":true,"href":"https:\/\/www.fwv-kulmbach.de\/index.php?rest_route=%2Fwp%2Fv2%2Fcategories&post=221"},{"taxonomy":"post_tag","embeddable":true,"href":"https:\/\/www.fwv-kulmbach.de\/index.php?rest_route=%2Fwp%2Fv2%2Ftags&post=221"}],"curies":[{"name":"wp","href":"https:\/\/api.w.org\/{rel}","templated":true}]}}