{"id":203,"date":"2015-08-16T12:10:22","date_gmt":"2015-08-16T10:10:22","guid":{"rendered":"http:\/\/fwv-kulmbach.de\/?p=203"},"modified":"2015-08-16T12:10:22","modified_gmt":"2015-08-16T10:10:22","slug":"75-geburtstag-unseres-wanderwartes","status":"publish","type":"post","link":"https:\/\/www.fwv-kulmbach.de\/?p=203","title":{"rendered":"75. Geburtstag unseres Wanderwartes"},"content":{"rendered":"<p>Mit einer gro\u00dfen Abordnung besuchte die Ortsgruppe Kulmbach des Frankenwaldvereins den<strong> 75. Geburtstag ihres Wanderwartes Herbert Janka<\/strong> in Danndorf. Obmann Hans Werther w\u00fcrdigte die Verdienste des Jubilars um den Frankenwaldverein.<\/p>\n<p>Als symbolisches Geschenk wurde eine alte Zugs\u00e4ge, bemalt mit Motiven des Frankenwaldes, \u00fcberreicht. Herbert Janka hat sich mehr als ein Jahrzehnt als hervorragender Organisator vieler Wanderungen, Ausfl\u00fcge und Veranstaltungen tief im Bewusstsein seiner Frankenwaldvereinsmitglieder \u201eeinges\u00e4gt\u201c.<\/p>\n<p><a href=\"http:\/\/fwv-kulmbach.de\/wp-content\/uploads\/2015\/08\/2015_Geburtstag_Janka.jpg\"><img loading=\"lazy\" decoding=\"async\" class=\"alignnone size-medium wp-image-204\" src=\"http:\/\/fwv-kulmbach.de\/wp-content\/uploads\/2015\/08\/2015_Geburtstag_Janka-300x200.jpg\" alt=\"2015_Geburtstag_Janka\" width=\"300\" height=\"200\" srcset=\"https:\/\/www.fwv-kulmbach.de\/wp-content\/uploads\/2015\/08\/2015_Geburtstag_Janka-300x200.jpg 300w, https:\/\/www.fwv-kulmbach.de\/wp-content\/uploads\/2015\/08\/2015_Geburtstag_Janka-1024x682.jpg 1024w, https:\/\/www.fwv-kulmbach.de\/wp-content\/uploads\/2015\/08\/2015_Geburtstag_Janka.jpg 2000w\" sizes=\"auto, (max-width: 300px) 100vw, 300px\" \/><\/a><\/p>\n<p>Auf dem Bild von links nach rechts: Obmann Hans Werther, der Jubilar Herbert Janka und Beisitzer Gerhard Heinz.<\/p>\n<p>&nbsp;<\/p>\n<p>&nbsp;<\/p>\n","protected":false},"excerpt":{"rendered":"<p>Mit einer gro\u00dfen Abordnung besuchte die Ortsgruppe Kulmbach des Frankenwaldvereins den 75. Geburtstag ihres Wanderwartes Herbert Janka in Danndorf. Obmann Hans Werther w\u00fcrdigte die Verdienste des Jubilars um den Frankenwaldverein. Als symbolisches Geschenk wurde eine alte Zugs\u00e4ge, bemalt mit Motiven &hellip; <a href=\"https:\/\/www.fwv-kulmbach.de\/?p=203\">Weiterlesen <span class=\"meta-nav\">&rarr;<\/span><\/a><\/p>\n","protected":false},"author":1,"featured_media":0,"comment_status":"closed","ping_status":"closed","sticky":false,"template":"","format":"standard","meta":{"footnotes":""},"categories":[2],"tags":[],"class_list":["post-203","post","type-post","status-publish","format-standard","hentry","category-og-kulmbach"],"_links":{"self":[{"href":"https:\/\/www.fwv-kulmbach.de\/index.php?rest_route=\/wp\/v2\/posts\/203","targetHints":{"allow":["GET"]}}],"collection":[{"href":"https:\/\/www.fwv-kulmbach.de\/index.php?rest_route=\/wp\/v2\/posts"}],"about":[{"href":"https:\/\/www.fwv-kulmbach.de\/index.php?rest_route=\/wp\/v2\/types\/post"}],"author":[{"embeddable":true,"href":"https:\/\/www.fwv-kulmbach.de\/index.php?rest_route=\/wp\/v2\/users\/1"}],"replies":[{"embeddable":true,"href":"https:\/\/www.fwv-kulmbach.de\/index.php?rest_route=%2Fwp%2Fv2%2Fcomments&post=203"}],"version-history":[{"count":1,"href":"https:\/\/www.fwv-kulmbach.de\/index.php?rest_route=\/wp\/v2\/posts\/203\/revisions"}],"predecessor-version":[{"id":205,"href":"https:\/\/www.fwv-kulmbach.de\/index.php?rest_route=\/wp\/v2\/posts\/203\/revisions\/205"}],"wp:attachment":[{"href":"https:\/\/www.fwv-kulmbach.de\/index.php?rest_route=%2Fwp%2Fv2%2Fmedia&parent=203"}],"wp:term":[{"taxonomy":"category","embeddable":true,"href":"https:\/\/www.fwv-kulmbach.de\/index.php?rest_route=%2Fwp%2Fv2%2Fcategories&post=203"},{"taxonomy":"post_tag","embeddable":true,"href":"https:\/\/www.fwv-kulmbach.de\/index.php?rest_route=%2Fwp%2Fv2%2Ftags&post=203"}],"curies":[{"name":"wp","href":"https:\/\/api.w.org\/{rel}","templated":true}]}}