{"id":201,"date":"2015-08-16T12:07:23","date_gmt":"2015-08-16T10:07:23","guid":{"rendered":"http:\/\/fwv-kulmbach.de\/?p=201"},"modified":"2015-08-16T12:07:23","modified_gmt":"2015-08-16T10:07:23","slug":"einladung-zur-septemberwanderung-rund-um-presseck","status":"publish","type":"post","link":"https:\/\/www.fwv-kulmbach.de\/?p=201","title":{"rendered":"Einladung zur Septemberwanderung rund um Presseck"},"content":{"rendered":"<p>Liebe Wanderfreunde,<br \/>\nder Jahreszeit entsprechend bieten wir eine Wanderung an, die Euch sehr gefallen wird.<br \/>\nAls Wanderf\u00fchrer steht uns, mit &#8222;guter Oberfr\u00e4nkischer Kenntnis&#8220; <strong>Wanderwart G\u00fcnter Schmidt<\/strong> von der FWV Ortsgruppe Presseck zur Verf\u00fcgung.<\/p>\n<p><strong>Mit dem Radelbus nach Presseck<\/strong><\/p>\n<p><strong>am Sonntag dem 06. September<\/strong><\/p>\n<p><strong>Einladung an Mitglieder, Wanderfreunde und G\u00e4ste<\/strong><\/p>\n<p>zur Rundwanderung von Presseck nach K\u00f6stenberg mit Mittagseinkehrund\u00fcber Elbersreuth zur\u00fccknach Presseck.<\/p>\n<p>Etwas anspruchsvolle Wanderung mit Steigungen<\/p>\n<p>(Elbersreutherm\u00fchle &#8211; K\u00f6stenberg)<\/p>\n<p><strong>Abfahrt um 10:00 Uhr mit dem Radelbus ab Kulmbach Busbahnhof, <\/strong><\/p>\n<p><strong> 10.02 Uhr Schwedensteg, Blaich 10.03 Uhr, Kauernburg 10.05 Uhr. <\/strong><\/p>\n<p><strong> 10:37 Uhr Wanderbeginn in Presseck Bushaltestelle Abzweigung Sportplatz<\/strong><\/p>\n<p>Von den H\u00f6hen des Frankenwaldes begeben wir uns talw\u00e4rts bis zur Elbersreuther M\u00fchle, folgen ein kleines St\u00fcck den Nordwaldweg um dann auf dem Steinreichweg den Anstieg nach K\u00f6stenberg zu machen. Hier erwartet uns wieder eine super Fernsicht und ein uriges Gasthaus.<\/p>\n<p>Nach dem wir uns gest\u00e4rkt haben, geht es \u00fcber Elbersreuth und dem <strong>Kreuzknock<\/strong> zum Aussichtsturm des Frankenwaldvereins nach Presseck. Wer m\u00f6chte kann hier noch einmal die herrlichen Ausblicke genie\u00dfen.<\/p>\n<p>Zum Abschlu\u00df ist noch eine Besichtigung der evangelischen Kirche mit F\u00fchrung von Dr. Reinhard Baar geplant. (<strong>Wanderstrecke max. 12 Km<\/strong>)<\/p>\n<p>Wanderf\u00fchrer ist G\u00fcnter Schmidt von der Ortsgruppe Presseck<\/p>\n<p><strong>17:38 Uhr R\u00fcckfahrt mit dem Radelbus nach Kulmbach<\/strong><\/p>\n<p><strong>Anmeldung<\/strong> und Radlbus-Info unter Tel. <strong>09229-2222002<\/strong> (H. Janka) oder 09221-2009 (H. Werther)<\/p>\n","protected":false},"excerpt":{"rendered":"<p>Liebe Wanderfreunde, der Jahreszeit entsprechend bieten wir eine Wanderung an, die Euch sehr gefallen wird. Als Wanderf\u00fchrer steht uns, mit &#8222;guter Oberfr\u00e4nkischer Kenntnis&#8220; Wanderwart G\u00fcnter Schmidt von der FWV Ortsgruppe Presseck zur Verf\u00fcgung. Mit dem Radelbus nach Presseck am Sonntag &hellip; <a href=\"https:\/\/www.fwv-kulmbach.de\/?p=201\">Weiterlesen <span class=\"meta-nav\">&rarr;<\/span><\/a><\/p>\n","protected":false},"author":1,"featured_media":0,"comment_status":"closed","ping_status":"closed","sticky":false,"template":"","format":"standard","meta":{"footnotes":""},"categories":[2],"tags":[],"class_list":["post-201","post","type-post","status-publish","format-standard","hentry","category-og-kulmbach"],"_links":{"self":[{"href":"https:\/\/www.fwv-kulmbach.de\/index.php?rest_route=\/wp\/v2\/posts\/201","targetHints":{"allow":["GET"]}}],"collection":[{"href":"https:\/\/www.fwv-kulmbach.de\/index.php?rest_route=\/wp\/v2\/posts"}],"about":[{"href":"https:\/\/www.fwv-kulmbach.de\/index.php?rest_route=\/wp\/v2\/types\/post"}],"author":[{"embeddable":true,"href":"https:\/\/www.fwv-kulmbach.de\/index.php?rest_route=\/wp\/v2\/users\/1"}],"replies":[{"embeddable":true,"href":"https:\/\/www.fwv-kulmbach.de\/index.php?rest_route=%2Fwp%2Fv2%2Fcomments&post=201"}],"version-history":[{"count":1,"href":"https:\/\/www.fwv-kulmbach.de\/index.php?rest_route=\/wp\/v2\/posts\/201\/revisions"}],"predecessor-version":[{"id":202,"href":"https:\/\/www.fwv-kulmbach.de\/index.php?rest_route=\/wp\/v2\/posts\/201\/revisions\/202"}],"wp:attachment":[{"href":"https:\/\/www.fwv-kulmbach.de\/index.php?rest_route=%2Fwp%2Fv2%2Fmedia&parent=201"}],"wp:term":[{"taxonomy":"category","embeddable":true,"href":"https:\/\/www.fwv-kulmbach.de\/index.php?rest_route=%2Fwp%2Fv2%2Fcategories&post=201"},{"taxonomy":"post_tag","embeddable":true,"href":"https:\/\/www.fwv-kulmbach.de\/index.php?rest_route=%2Fwp%2Fv2%2Ftags&post=201"}],"curies":[{"name":"wp","href":"https:\/\/api.w.org\/{rel}","templated":true}]}}