{"id":175,"date":"2015-07-05T11:28:06","date_gmt":"2015-07-05T09:28:06","guid":{"rendered":"http:\/\/fwv-kulmbach.de\/?p=175"},"modified":"2015-07-05T11:28:58","modified_gmt":"2015-07-05T09:28:58","slug":"einladung-zur-gemeinsamen-wanderung-mit-dem-fichtelgebirgsverein","status":"publish","type":"post","link":"https:\/\/www.fwv-kulmbach.de\/?p=175","title":{"rendered":"Einladung zur gemeinsamen Wanderung mit dem Fichtelgebirgsverein"},"content":{"rendered":"<p align=\"CENTER\">\n<h5 align=\"CENTER\"><span style=\"color: #000000;\"><span style=\"font-family: Arial,sans-serif;\"><span style=\"font-size: 300%;\"><b>Fichtelgebirgsverein Kulmbach<\/b><\/span><\/span><\/span><\/h5>\n<p align=\"CENTER\"><span style=\"color: #000000;\"><span style=\"font-family: Arial,sans-serif;\"><span style=\"font-size: xx-large;\"><b>Wanderung am Sonntag, 19.07.2015<\/b><\/span><\/span><\/span><\/p>\n<p align=\"CENTER\"><span style=\"color: #000000;\"><span style=\"font-family: Arial,sans-serif;\"><span style=\"font-size: x-large;\"><b>zusammen mit den Wanderern des <\/b><\/span><\/span><\/span><\/p>\n<p align=\"CENTER\"><span style=\"color: #000000;\"><span style=\"font-family: Arial,sans-serif;\"><span style=\"font-size: x-large;\"><strong>Frankenwaldvereins<\/strong><b> Kulmbach als G\u00e4ste<\/b><\/span><\/span><\/span><\/p>\n<p><span style=\"color: #000000;\"><span style=\"font-family: Arial,sans-serif;\"><span style=\"font-size: xx-large;\">Wanderung auf dem Mittelweg durch das Fichtelgebirge und \u00fcber die K\u00f6nigsheide nach Untersteinach (bei Bayreuth). Dort erfolgt die Schlusseinkehr. Teilwanderung m\u00f6glich, festes Schuhwerk erforderlich.<\/span><\/span><\/span><\/p>\n<p><span style=\"color: #000000;\"><span style=\"font-family: Arial,sans-serif;\"><span style=\"font-size: xx-large;\">Weitere G\u00e4ste sind herzlich willkommen!<\/span><\/span><\/span><\/p>\n<p><span style=\"color: #000000;\"><span style=\"font-family: Arial,sans-serif;\"><span style=\"font-size: x-large;\"><u>Busabfahrt: <\/u><\/span><\/span><\/span><\/p>\n<p><span style=\"color: #000000;\"><span style=\"font-family: Arial,sans-serif;\"><span style=\"font-size: x-large;\">08:30 Uhr Bayreuther Stra\u00dfe (Papier-Albrecht)<\/span><\/span><\/span><\/p>\n<p><span style=\"color: #000000;\"><span style=\"font-family: Arial,sans-serif;\"><span style=\"font-size: x-large;\">08:35 Uhr Bayreuther Stra\u00dfe (Hochhaus)<\/span><\/span><\/span><\/p>\n<p><span style=\"color: #000000;\"><span style=\"font-family: Arial,sans-serif;\"><span style=\"font-size: x-large;\">08:40 Uhr ZOB<\/span><\/span><\/span><\/p>\n<p><span style=\"color: #000000;\"><span style=\"font-family: Arial,sans-serif;\"><span style=\"font-size: x-large;\">08:45 Uhr P\u00f6rbitscher Platz<br \/>\n08.50 Uhr M\u00f6nchshof\/Kuh<br \/>\n08.55 Uhr Kauerndorf<br \/>\n<\/span><\/span><\/span><\/p>\n<p><span style=\"color: #000000;\"><span style=\"font-family: Arial,sans-serif;\"><span style=\"font-size: x-large;\">Anmeldung und Info bei: <\/span><\/span><\/span><\/p>\n<p><span style=\"color: #000000;\"><span style=\"font-family: Arial,sans-serif;\"><span style=\"font-size: x-large;\">Brigitte Wunderlich, Tel. 09221\/67835 <\/span><\/span><\/span><\/p>\n<p><span style=\"color: #000000;\"><span style=\"font-family: Arial,sans-serif;\"><span style=\"font-size: x-large;\">oder Herbert Lochner, Tel. 09221\/75933<\/span><\/span><\/span><\/p>\n","protected":false},"excerpt":{"rendered":"<p>Fichtelgebirgsverein Kulmbach Wanderung am Sonntag, 19.07.2015 zusammen mit den Wanderern des Frankenwaldvereins Kulmbach als G\u00e4ste Wanderung auf dem Mittelweg durch das Fichtelgebirge und \u00fcber die K\u00f6nigsheide nach Untersteinach (bei Bayreuth). Dort erfolgt die Schlusseinkehr. Teilwanderung m\u00f6glich, festes Schuhwerk erforderlich. Weitere &hellip; <a href=\"https:\/\/www.fwv-kulmbach.de\/?p=175\">Weiterlesen <span class=\"meta-nav\">&rarr;<\/span><\/a><\/p>\n","protected":false},"author":1,"featured_media":0,"comment_status":"closed","ping_status":"closed","sticky":false,"template":"","format":"standard","meta":{"footnotes":""},"categories":[2],"tags":[],"class_list":["post-175","post","type-post","status-publish","format-standard","hentry","category-og-kulmbach"],"_links":{"self":[{"href":"https:\/\/www.fwv-kulmbach.de\/index.php?rest_route=\/wp\/v2\/posts\/175","targetHints":{"allow":["GET"]}}],"collection":[{"href":"https:\/\/www.fwv-kulmbach.de\/index.php?rest_route=\/wp\/v2\/posts"}],"about":[{"href":"https:\/\/www.fwv-kulmbach.de\/index.php?rest_route=\/wp\/v2\/types\/post"}],"author":[{"embeddable":true,"href":"https:\/\/www.fwv-kulmbach.de\/index.php?rest_route=\/wp\/v2\/users\/1"}],"replies":[{"embeddable":true,"href":"https:\/\/www.fwv-kulmbach.de\/index.php?rest_route=%2Fwp%2Fv2%2Fcomments&post=175"}],"version-history":[{"count":2,"href":"https:\/\/www.fwv-kulmbach.de\/index.php?rest_route=\/wp\/v2\/posts\/175\/revisions"}],"predecessor-version":[{"id":177,"href":"https:\/\/www.fwv-kulmbach.de\/index.php?rest_route=\/wp\/v2\/posts\/175\/revisions\/177"}],"wp:attachment":[{"href":"https:\/\/www.fwv-kulmbach.de\/index.php?rest_route=%2Fwp%2Fv2%2Fmedia&parent=175"}],"wp:term":[{"taxonomy":"category","embeddable":true,"href":"https:\/\/www.fwv-kulmbach.de\/index.php?rest_route=%2Fwp%2Fv2%2Fcategories&post=175"},{"taxonomy":"post_tag","embeddable":true,"href":"https:\/\/www.fwv-kulmbach.de\/index.php?rest_route=%2Fwp%2Fv2%2Ftags&post=175"}],"curies":[{"name":"wp","href":"https:\/\/api.w.org\/{rel}","templated":true}]}}