{"id":1513,"date":"2026-08-30T18:03:45","date_gmt":"2026-08-30T16:03:45","guid":{"rendered":"https:\/\/www.fwv-kulmbach.de\/?p=1513"},"modified":"2026-08-30T18:03:45","modified_gmt":"2026-08-30T16:03:45","slug":"herzliche-einladung-zur-septemberwanderung-um-bischofsgruen","status":"publish","type":"post","link":"https:\/\/www.fwv-kulmbach.de\/?p=1513","title":{"rendered":"Herzliche Einladung zur Septemberwanderung um Bischofsgr\u00fcn"},"content":{"rendered":"\n<p class=\"wp-block-paragraph\">Am Samstag, den 19. September 2026 fahren wir mit dem Bus nach Bischofsgr\u00fcn. Hier wandern wir am Fu\u00dfe des Ochsenkopfs auf dem Panoramaweg um den Ort.<\/p>\n\n\n\n<p class=\"wp-block-paragraph\">Die Wanderung startet am Parkplatz der Talstation Ochsenkopf Nord. Vorbei am Ehrenfriedhof, den kleinen Orten Hohenhaid und Rangen erreichen wir die Glaserm\u00fcle. Dort wartet der Bus auf die Teilwanderer.<\/p>\n\n\n\n<p class=\"wp-block-paragraph\">Die andere Gruppe folgt dem Weg bergan und erreicht \u00fcber G\u00f6ren und den H\u00fcgelfelsen die Sprungschanze. Bergab durch den Kletterwald endet die Wanderung wieder an der Talstation des Ochsenkopflifts.<\/p>\n\n\n\n<p class=\"wp-block-paragraph\">Dort wartet der Bus mit der Teilwandergruppe und bringt uns zur Schlusseinkehr&nbsp; nach Fichtelberg zum Gasthof Specht.<\/p>\n\n\n\n<p class=\"wp-block-paragraph\">Die Wanderstrecke betr\u00e4gt 10,6 Kilometer, Teilwanderung 6,5 Kilometer<\/p>\n\n\n\n<p class=\"wp-block-paragraph\">Die Wege sind teilweise Wurzelsteige und gehen leicht bergauf und bergab.<\/p>\n\n\n\n<p class=\"wp-block-paragraph\"><strong>Busabfahrtszeiten:<\/strong><\/p>\n\n\n\n<p class=\"wp-block-paragraph\">9:00 Uhr Neuenmarkt Rathaus (neu)<\/p>\n\n\n\n<p class=\"wp-block-paragraph\">9:02 Uhr B 303 Neuenmarkt Tankstelle<\/p>\n\n\n\n<p class=\"wp-block-paragraph\">9:05 Uhr Ludwigschorgast<\/p>\n\n\n\n<p class=\"wp-block-paragraph\">9:14 Uhr Kauerndorf<\/p>\n\n\n\n<p class=\"wp-block-paragraph\">9:18 Uhr Kauernburg<\/p>\n\n\n\n<p class=\"wp-block-paragraph\">9:24 Uhr Blaicher Schule<\/p>\n\n\n\n<p class=\"wp-block-paragraph\">9:28 Uhr P\u00f6rbitsch<\/p>\n\n\n\n<p class=\"wp-block-paragraph\">9:36 Uhr Priemershof<\/p>\n\n\n\n<p class=\"wp-block-paragraph\">9:40 Uhr Busbahnhof (ZOB)<\/p>\n\n\n\n<p class=\"wp-block-paragraph\">9:42 Uhr Stadtpark<\/p>\n\n\n\n<p class=\"wp-block-paragraph\">9:45 Uhr Farben Geyer<\/p>\n\n\n\n<p class=\"wp-block-paragraph\">9:50 Uhr Papier Albrecht<\/p>\n\n\n\n<p class=\"wp-block-paragraph\"><strong>Anmeldung:<\/strong>&nbsp;<\/p>\n\n\n\n<p class=\"wp-block-paragraph\">Bei Rudolf F\u00fcrbringer (09221\/3798) ab 6.9.26 und Rudolf Krau\u00df bis 9.9.26 (09221\/84170).<a><\/a><strong><\/strong><\/p>\n\n\n\n<p class=\"wp-block-paragraph\">G\u00e4ste sind herzlich willkommen.<\/p>\n","protected":false},"excerpt":{"rendered":"<p>Am Samstag, den 19. September 2026 fahren wir mit dem Bus nach Bischofsgr\u00fcn. Hier wandern wir am Fu\u00dfe des Ochsenkopfs auf dem Panoramaweg um den Ort. Die Wanderung startet am Parkplatz der Talstation Ochsenkopf Nord. Vorbei am Ehrenfriedhof, den kleinen &hellip; <a href=\"https:\/\/www.fwv-kulmbach.de\/?p=1513\">Weiterlesen <span class=\"meta-nav\">&rarr;<\/span><\/a><\/p>\n","protected":false},"author":1,"featured_media":0,"comment_status":"closed","ping_status":"closed","sticky":false,"template":"","format":"standard","meta":{"footnotes":""},"categories":[2,12],"tags":[],"class_list":["post-1513","post","type-post","status-publish","format-standard","hentry","category-og-kulmbach","category-termin"],"_links":{"self":[{"href":"https:\/\/www.fwv-kulmbach.de\/index.php?rest_route=\/wp\/v2\/posts\/1513","targetHints":{"allow":["GET"]}}],"collection":[{"href":"https:\/\/www.fwv-kulmbach.de\/index.php?rest_route=\/wp\/v2\/posts"}],"about":[{"href":"https:\/\/www.fwv-kulmbach.de\/index.php?rest_route=\/wp\/v2\/types\/post"}],"author":[{"embeddable":true,"href":"https:\/\/www.fwv-kulmbach.de\/index.php?rest_route=\/wp\/v2\/users\/1"}],"replies":[{"embeddable":true,"href":"https:\/\/www.fwv-kulmbach.de\/index.php?rest_route=%2Fwp%2Fv2%2Fcomments&post=1513"}],"version-history":[{"count":1,"href":"https:\/\/www.fwv-kulmbach.de\/index.php?rest_route=\/wp\/v2\/posts\/1513\/revisions"}],"predecessor-version":[{"id":1514,"href":"https:\/\/www.fwv-kulmbach.de\/index.php?rest_route=\/wp\/v2\/posts\/1513\/revisions\/1514"}],"wp:attachment":[{"href":"https:\/\/www.fwv-kulmbach.de\/index.php?rest_route=%2Fwp%2Fv2%2Fmedia&parent=1513"}],"wp:term":[{"taxonomy":"category","embeddable":true,"href":"https:\/\/www.fwv-kulmbach.de\/index.php?rest_route=%2Fwp%2Fv2%2Fcategories&post=1513"},{"taxonomy":"post_tag","embeddable":true,"href":"https:\/\/www.fwv-kulmbach.de\/index.php?rest_route=%2Fwp%2Fv2%2Ftags&post=1513"}],"curies":[{"name":"wp","href":"https:\/\/api.w.org\/{rel}","templated":true}]}}