{"id":1469,"date":"2026-03-13T16:03:48","date_gmt":"2026-03-13T15:03:48","guid":{"rendered":"https:\/\/www.fwv-kulmbach.de\/?p=1469"},"modified":"2026-03-13T16:03:48","modified_gmt":"2026-03-13T15:03:48","slug":"von-waischenfeld-zur-burg-rabenstein","status":"publish","type":"post","link":"https:\/\/www.fwv-kulmbach.de\/?p=1469","title":{"rendered":"Von Waischenfeld zur Burg Rabenstein"},"content":{"rendered":"\n<p>Bei sch\u00f6nstem Wanderwetter ging die Fahrt f\u00fcr 42 Teilnehmer mit dem Bus in die Stadt Waischenfeld, dem Start und Endpunkt der Wanderung. Auf dem Weg entlang der Wiesent f\u00fchrte dieser ab der Pulverm\u00fchle gem\u00e4chlich bergan. Durch Wald und \u00fcber Feldfluren erreichten die Wanderer unter F\u00fchrung von Rudi F\u00fcrbringer die Burg Rabenstein. <\/p>\n\n\n<div class=\"wp-block-image\">\n<figure class=\"aligncenter size-full\"><img loading=\"lazy\" decoding=\"async\" width=\"1024\" height=\"768\" src=\"https:\/\/www.fwv-kulmbach.de\/wp-content\/uploads\/2026\/03\/2026_Waischenfeld_2.jpg\" alt=\"\" class=\"wp-image-1471\" srcset=\"https:\/\/www.fwv-kulmbach.de\/wp-content\/uploads\/2026\/03\/2026_Waischenfeld_2.jpg 1024w, https:\/\/www.fwv-kulmbach.de\/wp-content\/uploads\/2026\/03\/2026_Waischenfeld_2-300x225.jpg 300w, https:\/\/www.fwv-kulmbach.de\/wp-content\/uploads\/2026\/03\/2026_Waischenfeld_2-768x576.jpg 768w\" sizes=\"auto, (max-width: 1024px) 100vw, 1024px\" \/><\/figure>\n<\/div>\n\n\n<p>Nach einer Pause teilten sich die Gruppen auf. W\u00e4hrend die erste Gruppe den Steig zur Sophienh\u00f6hle und den Aussichtspunkt Parasol w\u00e4hlte, nutzte die zweite den bequemen Weg auf der Stra\u00dfe zum Rastplatz mit einer weiteren sch\u00f6nen Aussicht \u00fcber dem Ailsbachtal. Dort trennten sich nach einer ausgiebigen Rast die Teilwanderer von der Gruppe und fuhren mit dem Bus direkt zum Ziel.<\/p>\n\n\n<div class=\"wp-block-image\">\n<figure class=\"aligncenter size-full\"><img loading=\"lazy\" decoding=\"async\" width=\"1024\" height=\"681\" src=\"https:\/\/www.fwv-kulmbach.de\/wp-content\/uploads\/2026\/03\/2026_Waischenfeld_1.jpg\" alt=\"\" class=\"wp-image-1472\" srcset=\"https:\/\/www.fwv-kulmbach.de\/wp-content\/uploads\/2026\/03\/2026_Waischenfeld_1.jpg 1024w, https:\/\/www.fwv-kulmbach.de\/wp-content\/uploads\/2026\/03\/2026_Waischenfeld_1-300x200.jpg 300w, https:\/\/www.fwv-kulmbach.de\/wp-content\/uploads\/2026\/03\/2026_Waischenfeld_1-768x511.jpg 768w\" sizes=\"auto, (max-width: 1024px) 100vw, 1024px\" \/><\/figure>\n<\/div>\n\n\n<p>Die anderen machten sich auf, um \u00fcber die Hochfl\u00e4chen, vorbei am Dorf Hannberg den Aussichtspunkt Hohe Warte \u00fcber Waischenfeld zu erreichen. Nach dem<a><\/a> Genuss&nbsp; des herrlichen Blicks in das Wiesenttal und den Ort war nur noch ein kurzer Abstieg zu bew\u00e4ltigen um sich im Gasthof Sonne von der Anstrengung zu erholen.<\/p>\n\n\n\n<p>Mit der Schlusseinkehr ging ein sch\u00f6ner Wandertag mit herrlichen Wetter und einer Route mit interessanten Eindr\u00fccken zu Ende.<\/p>\n","protected":false},"excerpt":{"rendered":"<p>Bei sch\u00f6nstem Wanderwetter ging die Fahrt f\u00fcr 42 Teilnehmer mit dem Bus in die Stadt Waischenfeld, dem Start und Endpunkt der Wanderung. Auf dem Weg entlang der Wiesent f\u00fchrte dieser ab der Pulverm\u00fchle gem\u00e4chlich bergan. Durch Wald und \u00fcber Feldfluren &hellip; <a href=\"https:\/\/www.fwv-kulmbach.de\/?p=1469\">Weiterlesen <span class=\"meta-nav\">&rarr;<\/span><\/a><\/p>\n","protected":false},"author":1,"featured_media":0,"comment_status":"closed","ping_status":"closed","sticky":false,"template":"","format":"standard","meta":{"footnotes":""},"categories":[13,2],"tags":[],"class_list":["post-1469","post","type-post","status-publish","format-standard","hentry","category-bericht","category-og-kulmbach"],"_links":{"self":[{"href":"https:\/\/www.fwv-kulmbach.de\/index.php?rest_route=\/wp\/v2\/posts\/1469","targetHints":{"allow":["GET"]}}],"collection":[{"href":"https:\/\/www.fwv-kulmbach.de\/index.php?rest_route=\/wp\/v2\/posts"}],"about":[{"href":"https:\/\/www.fwv-kulmbach.de\/index.php?rest_route=\/wp\/v2\/types\/post"}],"author":[{"embeddable":true,"href":"https:\/\/www.fwv-kulmbach.de\/index.php?rest_route=\/wp\/v2\/users\/1"}],"replies":[{"embeddable":true,"href":"https:\/\/www.fwv-kulmbach.de\/index.php?rest_route=%2Fwp%2Fv2%2Fcomments&post=1469"}],"version-history":[{"count":1,"href":"https:\/\/www.fwv-kulmbach.de\/index.php?rest_route=\/wp\/v2\/posts\/1469\/revisions"}],"predecessor-version":[{"id":1473,"href":"https:\/\/www.fwv-kulmbach.de\/index.php?rest_route=\/wp\/v2\/posts\/1469\/revisions\/1473"}],"wp:attachment":[{"href":"https:\/\/www.fwv-kulmbach.de\/index.php?rest_route=%2Fwp%2Fv2%2Fmedia&parent=1469"}],"wp:term":[{"taxonomy":"category","embeddable":true,"href":"https:\/\/www.fwv-kulmbach.de\/index.php?rest_route=%2Fwp%2Fv2%2Fcategories&post=1469"},{"taxonomy":"post_tag","embeddable":true,"href":"https:\/\/www.fwv-kulmbach.de\/index.php?rest_route=%2Fwp%2Fv2%2Ftags&post=1469"}],"curies":[{"name":"wp","href":"https:\/\/api.w.org\/{rel}","templated":true}]}}