{"id":1455,"date":"2026-01-25T19:14:45","date_gmt":"2026-01-25T18:14:45","guid":{"rendered":"https:\/\/www.fwv-kulmbach.de\/?p=1455"},"modified":"2026-01-25T19:15:17","modified_gmt":"2026-01-25T18:15:17","slug":"einladung-auf-dem-wallensteinwegbei-oberasbach","status":"publish","type":"post","link":"https:\/\/www.fwv-kulmbach.de\/?p=1455","title":{"rendered":"Einladung: Auf dem Wallensteinweg bei Oberasbach"},"content":{"rendered":"\n<p>Herzliche Einladung ergeht zu unserer Wanderung im N\u00fcrnberger Umland am <strong>Sonntag, den 8. Februar<\/strong>. Wir fahren mit dem Bus nach Stein bei N\u00fcrnberg, wo wir im Ortsteil Unterweihersbuch Richtung Oberasbach mit der Wanderung starten.<\/p>\n\n\n\n<p>Wir folgen dem Erlebnisweg Wallensteins Lager. Der Weg ohne Steigungen f\u00fchrt weitgehend durch das Naturschutzgebiet Hainberg, wo sich im Drei\u00dfigj\u00e4hrigen Krieg Wallenstein mit seinem Heer (80.000 Menschen und 15.000 Pferde) bei der Belagerung N\u00fcrnbergs verschanzte.<\/p>\n\n\n\n<p>Die Strecke f\u00fchrt uns auch entlang der Rednitz und der Bibert durch eine eindrucksvolle Auenlandschaft.<\/p>\n\n\n\n<p>Die Gesamtstrecke betr\u00e4gt 12 km, f\u00fcr Teilwanderer 7 km.<\/p>\n\n\n\n<p>Ende der Wanderung ist im St\u00e4dtchen Zirndorf mit der Einkehr um ca. <a><\/a>16.00 Uhr im Zirndorfer Br\u00e4uschank.<\/p>\n\n\n\n<p>Bitte die um 30 Minuten vorverlegten Abfahrtszeiten beachten!<\/p>\n\n\n\n<p>G\u00e4ste herzlich willkommen!<\/p>\n\n\n\n<p><strong>Busabfahrtszeiten:<\/strong><\/p>\n\n\n\n<p>9:00 Uhr B 303 Neuenmarkt Tankstelle<br>9:05 Uhr Ludwigschorgast<br>9:14 Uhr Kauerndorf<br>9:18 Uhr Kauernburg<br>9:24 Uhr Blaicher Schule<br>9:28 Uhr P\u00f6rbitsch<br>9:36 Uhr Priemershof<br>9:40 Uhr Busbahnhof<br>9:42 Uhr Stadtpark<br>9:45 Uhr Farben Geyer<br>9:50 Uhr Papier Albrecht<\/p>\n\n\n\n<p><strong>Anmeldung<\/strong>&nbsp;bei Rudolf Krau\u00df (09221\/84170) und Hans Werther (09221\/2009).<\/p>\n","protected":false},"excerpt":{"rendered":"<p>Herzliche Einladung ergeht zu unserer Wanderung im N\u00fcrnberger Umland am Sonntag, den 8. Februar. Wir fahren mit dem Bus nach Stein bei N\u00fcrnberg, wo wir im Ortsteil Unterweihersbuch Richtung Oberasbach mit der Wanderung starten. Wir folgen dem Erlebnisweg Wallensteins Lager. &hellip; <a href=\"https:\/\/www.fwv-kulmbach.de\/?p=1455\">Weiterlesen <span class=\"meta-nav\">&rarr;<\/span><\/a><\/p>\n","protected":false},"author":1,"featured_media":0,"comment_status":"closed","ping_status":"closed","sticky":false,"template":"","format":"standard","meta":{"footnotes":""},"categories":[2,12],"tags":[],"class_list":["post-1455","post","type-post","status-publish","format-standard","hentry","category-og-kulmbach","category-termin"],"_links":{"self":[{"href":"https:\/\/www.fwv-kulmbach.de\/index.php?rest_route=\/wp\/v2\/posts\/1455","targetHints":{"allow":["GET"]}}],"collection":[{"href":"https:\/\/www.fwv-kulmbach.de\/index.php?rest_route=\/wp\/v2\/posts"}],"about":[{"href":"https:\/\/www.fwv-kulmbach.de\/index.php?rest_route=\/wp\/v2\/types\/post"}],"author":[{"embeddable":true,"href":"https:\/\/www.fwv-kulmbach.de\/index.php?rest_route=\/wp\/v2\/users\/1"}],"replies":[{"embeddable":true,"href":"https:\/\/www.fwv-kulmbach.de\/index.php?rest_route=%2Fwp%2Fv2%2Fcomments&post=1455"}],"version-history":[{"count":2,"href":"https:\/\/www.fwv-kulmbach.de\/index.php?rest_route=\/wp\/v2\/posts\/1455\/revisions"}],"predecessor-version":[{"id":1457,"href":"https:\/\/www.fwv-kulmbach.de\/index.php?rest_route=\/wp\/v2\/posts\/1455\/revisions\/1457"}],"wp:attachment":[{"href":"https:\/\/www.fwv-kulmbach.de\/index.php?rest_route=%2Fwp%2Fv2%2Fmedia&parent=1455"}],"wp:term":[{"taxonomy":"category","embeddable":true,"href":"https:\/\/www.fwv-kulmbach.de\/index.php?rest_route=%2Fwp%2Fv2%2Fcategories&post=1455"},{"taxonomy":"post_tag","embeddable":true,"href":"https:\/\/www.fwv-kulmbach.de\/index.php?rest_route=%2Fwp%2Fv2%2Ftags&post=1455"}],"curies":[{"name":"wp","href":"https:\/\/api.w.org\/{rel}","templated":true}]}}